{"id":76418,"date":"2023-02-07T20:00:15","date_gmt":"2023-02-07T23:00:15","guid":{"rendered":"https:\/\/www.centraldenoticias.com.ar\/?p=76418"},"modified":"2023-02-08T08:19:12","modified_gmt":"2023-02-08T11:19:12","slug":"fernando-bueno-acumulamos-un-cansancio-bastante-importante","status":"publish","type":"post","link":"https:\/\/cdnoticias.com\/index.php\/2023\/02\/07\/fernando-bueno-acumulamos-un-cansancio-bastante-importante\/","title":{"rendered":"Fernando Bueno: &#8220;acumulamos un cansancio bastante importante&#8221;"},"content":{"rendered":"<p>Lo expres\u00f3 el presidente del Colegio de Farmac\u00e9uticos de Olavarr\u00eda luego de anunciarse una nueva medida, donde las farmacias no abrir\u00e1n los s\u00e1bados por la ma\u00f1ana. <!--more--><\/p>\n<hr \/>\n<p>Las <strong>farmacias <\/strong>de la ciudad de Olavarr\u00eda <strong>no abrir\u00e1n los s\u00e1bados por la ma\u00f1ana a partir del 1\u00b0 de marzo<\/strong>, luego de una votaci\u00f3n con una adhesi\u00f3n del<strong> 88%<\/strong> en una asamblea que se realiz\u00f3 d\u00edas atr\u00e1s.<\/p>\n<p>&nbsp;<\/p>\n<p><em>Central de Noticias<\/em> dialog\u00f3 con <strong>Fernando Bueno, presidente del Colegio de Farmac\u00e9uticos de Olavarr\u00eda<\/strong> quien explic\u00f3 que &#8220;<em>haciendo un poco de historia en el a\u00f1o 91&#8242; las farmacias ya trabajaban de lunes a viernes, y s\u00e1bado domingos y feriados quedaban las farmacias de turno&#8221;.<\/em><\/p>\n<p>&nbsp;<\/p>\n<p>&#8220;Hace dos a\u00f1os le qued\u00f3 la inquietud a muchos colegas de<strong> poder trabajar de lunes a viernes por dos cuestiones:<\/strong> primero, porque<strong> el sistema de salud en general funciona de lunes a viernes con guardias los fines de semanas<\/strong>, y por otro lado nosotros ya teniendo turnos todas las semanas tenemos una <strong>sobrecarga horaria de 16 horas<\/strong>, es decir, tenemos dos jornadas m\u00e1s por semana con los 10 turnos. <strong>Es una sobrecarga horaria importante&#8221;<\/strong> expres\u00f3 Bueno.<\/p>\n<p>&nbsp;<\/p>\n<p>En relaci\u00f3n a esto \u00faltimo, el presidente del Colegio de Farmac\u00e9uticos de Olavarr\u00eda cont\u00f3: &#8221; Nos pusimos a trabajar con la comisi\u00f3n y vimos que hab\u00eda una <strong>adhesi\u00f3n importante entre todos los colegas de trabajar de esta forma.<\/strong> Se resolvi\u00f3 en asamblea, tuvimos una <strong>presencia del 90% y una adhesi\u00f3n del 88%<\/strong> as\u00ed que lo decidimos y le pusimos como<strong> fecha de inicio el primero de marzo<\/strong> para poder ir avis\u00e1ndole a la gente a trav\u00e9s de los medios&#8221;.<\/p>\n<p>&nbsp;<\/p>\n<p>De todas maneras, Bueno agreg\u00f3 que <em><strong>&#8220;tampoco implica un gran cambio, es solamente por la ma\u00f1ana. El cambio si va a ser importante para nosotros que tenemos el plus de las horas extras obligatorias por los d\u00edas de turno donde acumulamos un cansancio bastante importante&#8221;.<\/strong><\/em><\/p>\n<p>&nbsp;<\/p>\n<p>Adem\u00e1s, Bueno aclar\u00f3 que <em><strong>&#8220;las cuatro horas que no trabajamos los s\u00e1bados las vamos a compensar durante la semana. En resumen, vamos a trabajar la misma cantidad de horas que trabajamos hoy pero concentradas de lunes a viernes&#8221;.<\/strong><\/em><\/p>\n<p>&nbsp;<\/p>\n<p>La medida cambiar\u00e1 solamente &#8220;<strong>en la ciudad de Olavarr\u00eda, no en todo el partido<\/strong>. En las <strong>localidades serranas tienen otra din\u00e1mica distinta&#8221;<\/strong> dijo Bueno y agreg\u00f3 que &#8220;<em>capaz con el tiempo se pueda acoplar, pero en esta primera instancia pensamos que iba a ser una complicaci\u00f3n&#8221;.<\/em><\/p>\n<p>&nbsp;<\/p>\n<p>&#8220;El tema lo retomamos en el a\u00f1o 2014 pero <strong>creo que tuvimos un quiebre en la pandemia. Nos ayud\u00f3 a valorar un mont\u00f3n de cosas<\/strong> porque nos tuvimos que readaptar. Creo que nos hizo un<em> click<\/em> y a partir de ah\u00ed empezamos a trabajar con fuerza para que fuera una medida con el <strong>respaldo de todos<\/strong> y que no sea una decisi\u00f3n solamente de cinco miembros de la comisi\u00f3n&#8221; cerr\u00f3 el presidente del Colegio de Farmac\u00e9uticos de Olavarr\u00eda.<\/p>\n<p>&nbsp;<\/p>\n","protected":false},"excerpt":{"rendered":"<p>Lo expres\u00f3 el presidente del Colegio de Farmac\u00e9uticos de Olavarr\u00eda luego de anunciarse una nueva medida, donde las farmacias no<\/p>\n","protected":false},"author":6,"featured_media":70483,"comment_status":"closed","ping_status":"closed","sticky":false,"template":"","format":"standard","meta":{"_jetpack_memberships_contains_paid_content":false,"footnotes":""},"categories":[5,1],"tags":[],"class_list":["post-76418","post","type-post","status-publish","format-standard","has-post-thumbnail","hentry","category-informacion-general","category-portada"],"jetpack_featured_media_url":"https:\/\/i0.wp.com\/cdnoticias.com\/wp-content\/uploads\/2022\/11\/DIB-medicamento-farmacia.jpg?fit=696%2C344&ssl=1","jetpack_sharing_enabled":true,"_links":{"self":[{"href":"https:\/\/cdnoticias.com\/index.php\/wp-json\/wp\/v2\/posts\/76418","targetHints":{"allow":["GET"]}}],"collection":[{"href":"https:\/\/cdnoticias.com\/index.php\/wp-json\/wp\/v2\/posts"}],"about":[{"href":"https:\/\/cdnoticias.com\/index.php\/wp-json\/wp\/v2\/types\/post"}],"author":[{"embeddable":true,"href":"https:\/\/cdnoticias.com\/index.php\/wp-json\/wp\/v2\/users\/6"}],"replies":[{"embeddable":true,"href":"https:\/\/cdnoticias.com\/index.php\/wp-json\/wp\/v2\/comments?post=76418"}],"version-history":[{"count":0,"href":"https:\/\/cdnoticias.com\/index.php\/wp-json\/wp\/v2\/posts\/76418\/revisions"}],"wp:featuredmedia":[{"embeddable":true,"href":"https:\/\/cdnoticias.com\/index.php\/wp-json\/wp\/v2\/media\/70483"}],"wp:attachment":[{"href":"https:\/\/cdnoticias.com\/index.php\/wp-json\/wp\/v2\/media?parent=76418"}],"wp:term":[{"taxonomy":"category","embeddable":true,"href":"https:\/\/cdnoticias.com\/index.php\/wp-json\/wp\/v2\/categories?post=76418"},{"taxonomy":"post_tag","embeddable":true,"href":"https:\/\/cdnoticias.com\/index.php\/wp-json\/wp\/v2\/tags?post=76418"}],"curies":[{"name":"wp","href":"https:\/\/api.w.org\/{rel}","templated":true}]}}