{"id":76400,"date":"2023-02-10T18:42:45","date_gmt":"2023-02-10T21:42:45","guid":{"rendered":"https:\/\/www.centraldenoticias.com.ar\/?p=76400"},"modified":"2023-02-10T18:42:45","modified_gmt":"2023-02-10T21:42:45","slug":"la-mortalidad-infantil-alcanzo-el-menor-valor-historico-registrado","status":"publish","type":"post","link":"https:\/\/cdnoticias.com\/index.php\/2023\/02\/10\/la-mortalidad-infantil-alcanzo-el-menor-valor-historico-registrado\/","title":{"rendered":"La mortalidad infantil alcanz\u00f3 el menor valor hist\u00f3rico registrado"},"content":{"rendered":"<p>La cantidad de defunciones de ni\u00f1as y ni\u00f1os menores de 1 a\u00f1o cada mil nacidos vivos descendi\u00f3 a 8 por mil en 2021: cay\u00f3 de m\u00e1s de un punto en dos a\u00f1os. Lo anunci\u00f3 la ministra Carla Vizzotti.<\/p>\n<p><!--more--><\/p>\n<hr \/>\n<p>La<strong> ministra de Salud de la Naci\u00f3n, Carla Vizzotti<\/strong>, anunci\u00f3 que en Argentina <strong>la tasa de mortalidad infantil<\/strong>, que contabiliza la cantidad de defunciones de ni\u00f1as y ni\u00f1os menores de 1 a\u00f1o cada mil nacidos vivos, <strong>descendi\u00f3 a 8 por mil en 2021<\/strong>, lo cual respecto de la tasa de 9,2 por mil registrada en 2019 significa una disminuci\u00f3n de m\u00e1s de un punto en dos a\u00f1os. Se trata del <strong>menor valor hist\u00f3rico registrado<\/strong>.<\/p>\n<p>&nbsp;<\/p>\n<p>En total, <strong>en 2021 se contabilizaron 4.238 muertes infantiles<\/strong>, lo que representa una reducci\u00f3n del 6% respecto al a\u00f1o 2020. El descenso fue del 8% para las defunciones que ocurren en el per\u00edodo neonatal (3.029 versus 3.303), mientras que se mantuvo para el posneonatal (1.209 versus 1202 muertes).<\/p>\n<p>&nbsp;<\/p>\n<p>El descenso a nivel pa\u00eds en la tasa de mortalidad infantil tambi\u00e9n registr\u00f3 un<strong> acortamiento en la brecha entre las provincias<\/strong> (diferencia entre las provincias con mayor y menor tasa de mortalidad infantil).<\/p>\n<p>&nbsp;<\/p>\n<blockquote class=\"twitter-tweet\">\n<p dir=\"ltr\" lang=\"es\">Alcanzamos el n\u00famero m\u00e1s bajo de mortalidad infantil de nuestra historia \ud83c\udde6\ud83c\uddf7<\/p>\n<p>Es un orgullo anunciar que Argentina volvi\u00f3 a la tendencia de reducci\u00f3n de un punto porcentual y alcanz\u00f3 el m\u00ednimo hist\u00f3rico en este indicador. De esto se trata tener un Estado presente \ud83d\udc47 <a href=\"https:\/\/t.co\/H1Wxejc3rD\">pic.twitter.com\/H1Wxejc3rD<\/a><\/p>\n<p>\u2014 Carla Vizzotti (@carlavizzotti) <a href=\"https:\/\/twitter.com\/carlavizzotti\/status\/1622666295807287310?ref_src=twsrc%5Etfw\">February 6, 2023<\/a><\/p><\/blockquote>\n<p><script async src=\"https:\/\/platform.twitter.com\/widgets.js\" charset=\"utf-8\"><\/script><\/p>\n<p>En 2020 el rango registrado fue de 4,9 a 16,4 por mil (11,5 puntos de diferencia), mientras en 2021 el rango registrado fue entre 4,6 y 11,6 por mil (7 puntos de diferencia). Adicionalmente, mientras en 2020 cinco provincias registraron tasas de mortalidad por encima de los dos d\u00edgitos (m\u00e1s de 10), en 2021 fueron cuatro las provincias que presentan valores por encima de 10 por mil.<\/p>\n<p>&nbsp;<\/p>\n<p>Seg\u00fan se detall\u00f3 la ministra, <strong>la tasa de mortalidad infantil continu\u00f3 descendiendo durante los a\u00f1os de pandemia de COVID-19<\/strong>. La causa es multifactorial y se explica en parte por el impacto de los m\u00faltiples planes y programas destinados a mejorar la salud de las y los menores de 1 a\u00f1o, como la Ley 1.000 d\u00edas que tiene por objetivo la atenci\u00f3n y cuidado integral de la salud durante el embarazo y la primera infancia.<\/p>\n<p>&nbsp;<\/p>\n<p>Adem\u00e1s, se inform\u00f3 que <strong>en 2021 se registraron 529.794 nacidos vivos<\/strong>, lo que representa a nivel total pa\u00eds una ligera disminuci\u00f3n respecto de los valores registrados en el a\u00f1o 2020. Se trata del <strong>s\u00e9ptimo a\u00f1o consecutivo de disminuci\u00f3n de la natalidad<\/strong> en el pa\u00eds.<\/p>\n<p>&nbsp;<\/p>\n<p><img data-recalc-dims=\"1\" loading=\"lazy\" decoding=\"async\" class=\"size-large wp-image-54287 aligncenter\" src=\"https:\/\/i0.wp.com\/cdnoticias.com\/wp-content\/uploads\/2022\/05\/vizzotti.jpg?resize=800%2C534&#038;ssl=1\" alt=\"\" width=\"800\" height=\"534\" srcset=\"https:\/\/i0.wp.com\/cdnoticias.com\/wp-content\/uploads\/2022\/05\/vizzotti.jpg?resize=1024%2C683&amp;ssl=1 1024w, https:\/\/i0.wp.com\/cdnoticias.com\/wp-content\/uploads\/2022\/05\/vizzotti.jpg?resize=300%2C200&amp;ssl=1 300w, https:\/\/i0.wp.com\/cdnoticias.com\/wp-content\/uploads\/2022\/05\/vizzotti.jpg?resize=768%2C512&amp;ssl=1 768w, https:\/\/i0.wp.com\/cdnoticias.com\/wp-content\/uploads\/2022\/05\/vizzotti.jpg?resize=272%2C182&amp;ssl=1 272w, https:\/\/i0.wp.com\/cdnoticias.com\/wp-content\/uploads\/2022\/05\/vizzotti.jpg?w=1500&amp;ssl=1 1500w\" sizes=\"auto, (max-width: 800px) 100vw, 800px\" \/><\/p>\n<p>&nbsp;<\/p>\n<p>A trav\u00e9s de su cuenta de Twitter, Vizzotti comunic\u00f3 a la sociedad la novedad, m\u00e1s all\u00e1 del informe publicado por el Ministerio de Salud.<\/p>\n<p>&nbsp;<\/p>\n<blockquote><p>\u201cAlcanzamos el n\u00famero m\u00e1s bajo de mortalidad infantil de nuestra historia. Es un orgullo anunciar que Argentina volvi\u00f3 a la tendencia de reducci\u00f3n de un punto porcentual y alcanz\u00f3 el m\u00ednimo hist\u00f3rico en este indicador. De esto se trata tener un Estado presente\u201d, expres\u00f3 la funcionaria.<\/p><\/blockquote>\n<p>&nbsp;<\/p>\n<p>\u201cRecuperamos la fuerte tendencia a la baja de la mortalidad. Por esto es importante un Ministerio de Salud presente, con mirada federal y trabajando con las 24 jurisdicciones.<strong> La tasa de menores de 1 a\u00f1o fallecidos en 2021 fue de 8 por mil, el m\u00ednimo hist\u00f3rico de nuestro pa\u00eds<\/strong>\u201d, subray\u00f3 Vizzotti, y a\u00f1adi\u00f3: \u201cUn Estado presente, un Ministerio nacional comprometido y articulando en forma federal genera estos resultados. Vamos en la direcci\u00f3n correcta. La salud es nuestra bandera\u201d.<\/p>\n<p>&nbsp;<\/p>\n<p>Fuente: <em>Agencia DIB<\/em><\/p>\n","protected":false},"excerpt":{"rendered":"<p>La cantidad de defunciones de ni\u00f1as y ni\u00f1os menores de 1 a\u00f1o cada mil nacidos vivos descendi\u00f3 a 8 por<\/p>\n","protected":false},"author":4,"featured_media":76402,"comment_status":"closed","ping_status":"closed","sticky":false,"template":"","format":"standard","meta":{"_jetpack_memberships_contains_paid_content":false,"footnotes":""},"categories":[6,1],"tags":[],"class_list":["post-76400","post","type-post","status-publish","format-standard","has-post-thumbnail","hentry","category-nacionales","category-portada"],"jetpack_featured_media_url":"https:\/\/i0.wp.com\/cdnoticias.com\/wp-content\/uploads\/2023\/02\/DIB-bebe-infantil.jpg?fit=800%2C544&ssl=1","jetpack_sharing_enabled":true,"_links":{"self":[{"href":"https:\/\/cdnoticias.com\/index.php\/wp-json\/wp\/v2\/posts\/76400","targetHints":{"allow":["GET"]}}],"collection":[{"href":"https:\/\/cdnoticias.com\/index.php\/wp-json\/wp\/v2\/posts"}],"about":[{"href":"https:\/\/cdnoticias.com\/index.php\/wp-json\/wp\/v2\/types\/post"}],"author":[{"embeddable":true,"href":"https:\/\/cdnoticias.com\/index.php\/wp-json\/wp\/v2\/users\/4"}],"replies":[{"embeddable":true,"href":"https:\/\/cdnoticias.com\/index.php\/wp-json\/wp\/v2\/comments?post=76400"}],"version-history":[{"count":0,"href":"https:\/\/cdnoticias.com\/index.php\/wp-json\/wp\/v2\/posts\/76400\/revisions"}],"wp:featuredmedia":[{"embeddable":true,"href":"https:\/\/cdnoticias.com\/index.php\/wp-json\/wp\/v2\/media\/76402"}],"wp:attachment":[{"href":"https:\/\/cdnoticias.com\/index.php\/wp-json\/wp\/v2\/media?parent=76400"}],"wp:term":[{"taxonomy":"category","embeddable":true,"href":"https:\/\/cdnoticias.com\/index.php\/wp-json\/wp\/v2\/categories?post=76400"},{"taxonomy":"post_tag","embeddable":true,"href":"https:\/\/cdnoticias.com\/index.php\/wp-json\/wp\/v2\/tags?post=76400"}],"curies":[{"name":"wp","href":"https:\/\/api.w.org\/{rel}","templated":true}]}}