{"id":76389,"date":"2023-02-08T08:18:18","date_gmt":"2023-02-08T11:18:18","guid":{"rendered":"https:\/\/www.centraldenoticias.com.ar\/?p=76389"},"modified":"2023-02-08T09:23:14","modified_gmt":"2023-02-08T12:23:14","slug":"nacio-un-condor-andino-en-el-bioparque-la-maxima","status":"publish","type":"post","link":"https:\/\/cdnoticias.com\/index.php\/2023\/02\/08\/nacio-un-condor-andino-en-el-bioparque-la-maxima\/","title":{"rendered":"Naci\u00f3 un c\u00f3ndor andino en el Bioparque \u201cLa M\u00e1xima\u201d"},"content":{"rendered":"<p>El nacimiento se produjo el pasado 1 de febrero y es el primero del a\u00f1o. Desde el Bioparque destacaron \u201cla emoci\u00f3n por el nacimiento de esta nueva cr\u00eda\u201d.<!--more--><\/p>\n<hr \/>\n<p>Desde el <strong>Bioparque Municipal \u201cLa M\u00e1xima\u201d<\/strong> se inform\u00f3 que el pasado <strong>1 de febrero naci\u00f3 un c\u00f3ndor andino<\/strong>, lo que se tradujo tambi\u00e9n en el primer nacimiento del a\u00f1o en ese parque municipal.<\/p>\n<p>&nbsp;<\/p>\n<blockquote><p>\u201cSe trata de un pich\u00f3n de la pareja de c\u00f3ndores Rawson y Cur\u00e1, cuyo nacimiento se produjo el primer d\u00eda del presente mes. A\u00fan resta saber el sexo de la cr\u00eda porque para hacerlo se necesita realizar un acercamiento fotogr\u00e1fico y en este momento resulta fundamental no estresar a los animales y respetar el proceso de crianza\u201d expuso el organismo municipal.<\/p><\/blockquote>\n<p>&nbsp;<\/p>\n<p>Desde el a\u00f1o 2004 el Bioparque Municipal \u201cLa M\u00e1xima\u201d forma parte de manera sostenida del <strong>Proyecto de Conservaci\u00f3n C\u00f3ndor Andino<\/strong> de la Fundaci\u00f3n Bioandina Argentina. Tal es la importancia a nivel nacional de la protecci\u00f3n de este tipo de ave, que <strong>la Fundaci\u00f3n Bioandina premia al Bioparque \u201cLa M\u00e1xima\u201d con la posibilidad de incubar y ver nacer en algunas oportunidades pichones en la condorera olavarriense<\/strong>, ya que se considera al parque como un espacio propicio por su variada forestaci\u00f3n, condiciones clim\u00e1ticas, respeto a los animales y por sobre todo el h\u00e1bitat construido para tal fin.<\/p>\n<p>&nbsp;<\/p>\n<p>Para lograr que los animales se reproduzcan es necesario que todas las <strong>caracter\u00edsticas del ambiente sean \u00f3ptimas<\/strong>. En ese sentido, si el animal no se encuentra bien alimentado o se siente amenazado, no va a poder reproducirse. <strong>\u201cLos c\u00f3ndores se han ambientado y aclimatado muy bien en nuestro parque\u201d<\/strong> se destac\u00f3 desde La M\u00e1xima.<\/p>\n<p>&nbsp;<\/p>\n<blockquote><p>Desde el Bioparque se narr\u00f3 no s\u00f3lo \u201cla emoci\u00f3n por el nacimiento de esta nueva cr\u00eda\u201d, sino que tambi\u00e9n se puso el acento en \u201cla importancia y la alegr\u00eda cuando cada animal posteriormente es devuelto a su ambiente natural\u201d. En ese punto, cabe resaltar que la finalidad del Proyecto de Conservaci\u00f3n C\u00f3ndor Andino es la liberaci\u00f3n de ejemplares en su h\u00e1bitat, actividad que se realiza anualmente.<\/p><\/blockquote>\n<p>&nbsp;<\/p>\n<p>Por \u00faltimo, se record\u00f3 que<strong> en 2020 naci\u00f3 Lihuen<\/strong>, hembra que fue reintroducida en la Patagonia en el mes de septiembre de 2021. <strong>En 2022, por su parte, naci\u00f3 Pehuen<\/strong>, un macho que se traslad\u00f3 al Ecoparque para continuar con la recr\u00eda y su posterior liberaci\u00f3n.<\/p>\n<p>&nbsp;<\/p>\n<p>Desde el Bioparque se destac\u00f3 el trabajo del <strong>cuidador Pablo Cajal<\/strong>, quien lleva adelante la tarea con gran dedicaci\u00f3n y responsabilidad, junto al <strong>encargado de Bienestar Animal, Adalberto Aquilano<\/strong>, y el trabajo del <strong>equipo veterinario formado por los doctores Sebasti\u00e1n Valdez y Juli\u00e1n Sim\u00f3n<\/strong>.<\/p>\n<p>&nbsp;<\/p>\n<p>* <em>La imagen principal es ilustrativa<\/em><\/p>\n","protected":false},"excerpt":{"rendered":"<p>El nacimiento se produjo el pasado 1 de febrero y es el primero del a\u00f1o. Desde el Bioparque destacaron \u201cla<\/p>\n","protected":false},"author":4,"featured_media":76379,"comment_status":"closed","ping_status":"closed","sticky":false,"template":"","format":"standard","meta":{"_jetpack_memberships_contains_paid_content":false,"footnotes":""},"categories":[5,1],"tags":[],"class_list":["post-76389","post","type-post","status-publish","format-standard","has-post-thumbnail","hentry","category-informacion-general","category-portada"],"jetpack_featured_media_url":"https:\/\/i0.wp.com\/cdnoticias.com\/wp-content\/uploads\/2023\/02\/muni-nacio-un-condor.jpg?fit=800%2C445&ssl=1","jetpack_sharing_enabled":true,"_links":{"self":[{"href":"https:\/\/cdnoticias.com\/index.php\/wp-json\/wp\/v2\/posts\/76389","targetHints":{"allow":["GET"]}}],"collection":[{"href":"https:\/\/cdnoticias.com\/index.php\/wp-json\/wp\/v2\/posts"}],"about":[{"href":"https:\/\/cdnoticias.com\/index.php\/wp-json\/wp\/v2\/types\/post"}],"author":[{"embeddable":true,"href":"https:\/\/cdnoticias.com\/index.php\/wp-json\/wp\/v2\/users\/4"}],"replies":[{"embeddable":true,"href":"https:\/\/cdnoticias.com\/index.php\/wp-json\/wp\/v2\/comments?post=76389"}],"version-history":[{"count":0,"href":"https:\/\/cdnoticias.com\/index.php\/wp-json\/wp\/v2\/posts\/76389\/revisions"}],"wp:featuredmedia":[{"embeddable":true,"href":"https:\/\/cdnoticias.com\/index.php\/wp-json\/wp\/v2\/media\/76379"}],"wp:attachment":[{"href":"https:\/\/cdnoticias.com\/index.php\/wp-json\/wp\/v2\/media?parent=76389"}],"wp:term":[{"taxonomy":"category","embeddable":true,"href":"https:\/\/cdnoticias.com\/index.php\/wp-json\/wp\/v2\/categories?post=76389"},{"taxonomy":"post_tag","embeddable":true,"href":"https:\/\/cdnoticias.com\/index.php\/wp-json\/wp\/v2\/tags?post=76389"}],"curies":[{"name":"wp","href":"https:\/\/api.w.org\/{rel}","templated":true}]}}