{"id":76378,"date":"2023-02-08T17:06:07","date_gmt":"2023-02-08T20:06:07","guid":{"rendered":"https:\/\/www.centraldenoticias.com.ar\/?p=76378"},"modified":"2023-02-08T17:07:23","modified_gmt":"2023-02-08T20:07:23","slug":"bacheo-en-calles-y-avenidas-loma-negra","status":"publish","type":"post","link":"https:\/\/cdnoticias.com\/index.php\/2023\/02\/08\/bacheo-en-calles-y-avenidas-loma-negra\/","title":{"rendered":"Bacheo en calles y avenidas de Loma Negra"},"content":{"rendered":"<p>Las tareas se concretaron sobre Luciano Fortabat y sobre avenida 25 de Mayo. Est\u00e1 a cargo la Delegaci\u00f3n Municipal.<!--more--><\/p>\n<hr \/>\n<p>En el marco de las labores de mantenimiento vial, se indic\u00f3 que <strong>la Delegaci\u00f3n de Loma Negra lleva adelante trabajos en calles y avenidas de esa localidad serrana<\/strong>.<\/p>\n<p>&nbsp;<\/p>\n<p>Se realiz\u00f3 el bacheo <strong>desde Luciano Fortabat hasta avenida Libertad,<\/strong> y en <strong>avenida 25 de Mayo desde avenida De los Inmigrantes hasta avenida San Mart\u00edn<\/strong>.<\/p>\n<p>&nbsp;<\/p>\n<p>Se destac\u00f3 que \u201clas tareas son efectuadas desde la mencionada Delegaci\u00f3n, con la coordinaci\u00f3n de la Subsecretar\u00eda de Gobierno Municipal, en el marco del relevamiento que de manera permanente realiza personal del \u00e1rea, como as\u00ed tambi\u00e9n en respuesta a planteos e inquietudes acercadas por vecinos y vecinas\u201d.<\/p>\n<p>&nbsp;<\/p>\n<p><img data-recalc-dims=\"1\" loading=\"lazy\" decoding=\"async\" class=\"size-full wp-image-76383 aligncenter\" src=\"https:\/\/i0.wp.com\/cdnoticias.com\/wp-content\/uploads\/2023\/02\/muni-bacheo-loma-negra.jpg?resize=800%2C445&#038;ssl=1\" alt=\"\" width=\"800\" height=\"445\" srcset=\"https:\/\/i0.wp.com\/cdnoticias.com\/wp-content\/uploads\/2023\/02\/muni-bacheo-loma-negra.jpg?w=800&amp;ssl=1 800w, https:\/\/i0.wp.com\/cdnoticias.com\/wp-content\/uploads\/2023\/02\/muni-bacheo-loma-negra.jpg?resize=300%2C167&amp;ssl=1 300w, https:\/\/i0.wp.com\/cdnoticias.com\/wp-content\/uploads\/2023\/02\/muni-bacheo-loma-negra.jpg?resize=768%2C427&amp;ssl=1 768w\" sizes=\"auto, (max-width: 800px) 100vw, 800px\" \/><\/p>\n","protected":false},"excerpt":{"rendered":"<p>Las tareas se concretaron sobre Luciano Fortabat y sobre avenida 25 de Mayo. Est\u00e1 a cargo la Delegaci\u00f3n Municipal.<\/p>\n","protected":false},"author":4,"featured_media":76382,"comment_status":"closed","ping_status":"closed","sticky":false,"template":"","format":"standard","meta":{"_jetpack_memberships_contains_paid_content":false,"footnotes":""},"categories":[5,1],"tags":[],"class_list":["post-76378","post","type-post","status-publish","format-standard","has-post-thumbnail","hentry","category-informacion-general","category-portada"],"jetpack_featured_media_url":"https:\/\/i0.wp.com\/cdnoticias.com\/wp-content\/uploads\/2023\/02\/muni-bacheo-loma-negra-1.jpg?fit=800%2C445&ssl=1","jetpack_sharing_enabled":true,"_links":{"self":[{"href":"https:\/\/cdnoticias.com\/index.php\/wp-json\/wp\/v2\/posts\/76378","targetHints":{"allow":["GET"]}}],"collection":[{"href":"https:\/\/cdnoticias.com\/index.php\/wp-json\/wp\/v2\/posts"}],"about":[{"href":"https:\/\/cdnoticias.com\/index.php\/wp-json\/wp\/v2\/types\/post"}],"author":[{"embeddable":true,"href":"https:\/\/cdnoticias.com\/index.php\/wp-json\/wp\/v2\/users\/4"}],"replies":[{"embeddable":true,"href":"https:\/\/cdnoticias.com\/index.php\/wp-json\/wp\/v2\/comments?post=76378"}],"version-history":[{"count":0,"href":"https:\/\/cdnoticias.com\/index.php\/wp-json\/wp\/v2\/posts\/76378\/revisions"}],"wp:featuredmedia":[{"embeddable":true,"href":"https:\/\/cdnoticias.com\/index.php\/wp-json\/wp\/v2\/media\/76382"}],"wp:attachment":[{"href":"https:\/\/cdnoticias.com\/index.php\/wp-json\/wp\/v2\/media?parent=76378"}],"wp:term":[{"taxonomy":"category","embeddable":true,"href":"https:\/\/cdnoticias.com\/index.php\/wp-json\/wp\/v2\/categories?post=76378"},{"taxonomy":"post_tag","embeddable":true,"href":"https:\/\/cdnoticias.com\/index.php\/wp-json\/wp\/v2\/tags?post=76378"}],"curies":[{"name":"wp","href":"https:\/\/api.w.org\/{rel}","templated":true}]}}