{"id":76374,"date":"2023-02-07T13:25:02","date_gmt":"2023-02-07T16:25:02","guid":{"rendered":"https:\/\/www.centraldenoticias.com.ar\/?p=76374"},"modified":"2023-02-07T13:25:02","modified_gmt":"2023-02-07T16:25:02","slug":"arrestados-tras-robar-en-un-local-y-romper-una-vidriera","status":"publish","type":"post","link":"https:\/\/cdnoticias.com\/index.php\/2023\/02\/07\/arrestados-tras-robar-en-un-local-y-romper-una-vidriera\/","title":{"rendered":"Arrestados tras robar en un local y romper una vidriera"},"content":{"rendered":"<p>Dos j\u00f3venes son los acusados. El caso se dio en la ma\u00f1ana de este martes frente a La Terminal y los motopolic\u00edas los aprehendieron a unas 10 cuadras.<!--more--><\/p>\n<hr \/>\n<p>Dos personas fueron arrestadas en la ma\u00f1ana de este martes acusadas de<strong> haber robado y causado da\u00f1os en un local<\/strong> ubicado frente a La Terminal.<\/p>\n<p>&nbsp;<\/p>\n<p>Seg\u00fan se pudo saber, el caso se registr\u00f3 poco antes de las 9.30 en <strong>Pringles al 3100<\/strong>.<\/p>\n<p>&nbsp;<\/p>\n<p><img data-recalc-dims=\"1\" loading=\"lazy\" decoding=\"async\" class=\"size-full wp-image-76375 aligncenter\" src=\"https:\/\/i0.wp.com\/cdnoticias.com\/wp-content\/uploads\/2023\/02\/pringles-3100-B.jpg?resize=800%2C522&#038;ssl=1\" alt=\"\" width=\"800\" height=\"522\" srcset=\"https:\/\/i0.wp.com\/cdnoticias.com\/wp-content\/uploads\/2023\/02\/pringles-3100-B.jpg?w=1000&amp;ssl=1 1000w, https:\/\/i0.wp.com\/cdnoticias.com\/wp-content\/uploads\/2023\/02\/pringles-3100-B.jpg?resize=300%2C196&amp;ssl=1 300w, https:\/\/i0.wp.com\/cdnoticias.com\/wp-content\/uploads\/2023\/02\/pringles-3100-B.jpg?resize=768%2C502&amp;ssl=1 768w\" sizes=\"auto, (max-width: 800px) 100vw, 800px\" \/><\/p>\n<p>&nbsp;<\/p>\n<p>Un llamado al 911 alert\u00f3 a los efectivos policiales: un hombre y una mujer hab\u00edan<strong> robado prendas de vestir<\/strong> de un comercio y tambi\u00e9n <strong>rompieron el frente del local, que es vidriado en su totalidad<\/strong>.<\/p>\n<p>&nbsp;<\/p>\n<p>Poco despu\u00e9s fueron capturados: <strong>el personal de motopolic\u00edas<\/strong> logr\u00f3 interceptarlos en inmediaciones de <strong>Sarmiento y 25 de Mayo<\/strong>.<\/p>\n<p>&nbsp;<\/p>\n<p>Tras la identificaci\u00f3n de los acusados fueron trasladados a la sede policial en car\u00e1cter de aprehendidos.<\/p>\n<p>&nbsp;<\/p>\n","protected":false},"excerpt":{"rendered":"<p>Dos j\u00f3venes son los acusados. El caso se dio en la ma\u00f1ana de este martes frente a La Terminal y<\/p>\n","protected":false},"author":4,"featured_media":76376,"comment_status":"closed","ping_status":"closed","sticky":false,"template":"","format":"standard","meta":{"_jetpack_memberships_contains_paid_content":false,"footnotes":""},"categories":[14,1],"tags":[],"class_list":["post-76374","post","type-post","status-publish","format-standard","has-post-thumbnail","hentry","category-policiales","category-portada"],"jetpack_featured_media_url":"https:\/\/i0.wp.com\/cdnoticias.com\/wp-content\/uploads\/2023\/02\/pringles-3100-A.jpg?fit=800%2C445&ssl=1","jetpack_sharing_enabled":true,"_links":{"self":[{"href":"https:\/\/cdnoticias.com\/index.php\/wp-json\/wp\/v2\/posts\/76374","targetHints":{"allow":["GET"]}}],"collection":[{"href":"https:\/\/cdnoticias.com\/index.php\/wp-json\/wp\/v2\/posts"}],"about":[{"href":"https:\/\/cdnoticias.com\/index.php\/wp-json\/wp\/v2\/types\/post"}],"author":[{"embeddable":true,"href":"https:\/\/cdnoticias.com\/index.php\/wp-json\/wp\/v2\/users\/4"}],"replies":[{"embeddable":true,"href":"https:\/\/cdnoticias.com\/index.php\/wp-json\/wp\/v2\/comments?post=76374"}],"version-history":[{"count":0,"href":"https:\/\/cdnoticias.com\/index.php\/wp-json\/wp\/v2\/posts\/76374\/revisions"}],"wp:featuredmedia":[{"embeddable":true,"href":"https:\/\/cdnoticias.com\/index.php\/wp-json\/wp\/v2\/media\/76376"}],"wp:attachment":[{"href":"https:\/\/cdnoticias.com\/index.php\/wp-json\/wp\/v2\/media?parent=76374"}],"wp:term":[{"taxonomy":"category","embeddable":true,"href":"https:\/\/cdnoticias.com\/index.php\/wp-json\/wp\/v2\/categories?post=76374"},{"taxonomy":"post_tag","embeddable":true,"href":"https:\/\/cdnoticias.com\/index.php\/wp-json\/wp\/v2\/tags?post=76374"}],"curies":[{"name":"wp","href":"https:\/\/api.w.org\/{rel}","templated":true}]}}