{"id":76363,"date":"2023-02-07T09:57:47","date_gmt":"2023-02-07T12:57:47","guid":{"rendered":"https:\/\/www.centraldenoticias.com.ar\/?p=76363"},"modified":"2023-02-07T09:57:47","modified_gmt":"2023-02-07T12:57:47","slug":"mutual-macondo-volvera-a-tener-su-fiesta-carnavalera","status":"publish","type":"post","link":"https:\/\/cdnoticias.com\/index.php\/2023\/02\/07\/mutual-macondo-volvera-a-tener-su-fiesta-carnavalera\/","title":{"rendered":"Mutual Macondo volver\u00e1 a tener su fiesta carnavalera"},"content":{"rendered":"<p>Se realizar\u00e1 el 26 de febrero en la ex Estaci\u00f3n de Trenes El Provincial. Para la preparaci\u00f3n se dictar\u00e1n talleres de m\u00e1scaras y momo todos los viernes y s\u00e1bados a partir del 10 de febrero.<!--more--><\/p>\n<hr \/>\n<p><strong>\u201cEs tiempo de Carnaval y hay que festejarlo\u201d declar\u00f3 la Mutual Macondo<\/strong> para anunciar que vuelve su festejo de carnaval y tambi\u00e9n el dictado de talleres para la preparaci\u00f3n.<\/p>\n<p>&nbsp;<\/p>\n<p>Luego de <strong>dos a\u00f1os sin celebraci\u00f3n<\/strong>, la Mutual Macondo se prepara nuevamente para la fiesta carnavalera.<\/p>\n<p>&nbsp;<\/p>\n<p>El festejo popular se realizar\u00e1 el <strong>26 de febrero en la ex Estaci\u00f3n de Trenes El Provincial<\/strong>, sector donde tradicionalmente se lleva adelante el carnaval.<\/p>\n<p>&nbsp;<\/p>\n<blockquote><p>Todos los viernes y s\u00e1bados, a partir del 10 de febrero, se dictar\u00e1n talleres de m\u00e1scaras y momo en la Sociedad de Fomento 25 de Noviembre, en Aguilar e Irigoyen.<\/p><\/blockquote>\n<p>&nbsp;<\/p>\n","protected":false},"excerpt":{"rendered":"<p>Se realizar\u00e1 el 26 de febrero en la ex Estaci\u00f3n de Trenes El Provincial. Para la preparaci\u00f3n se dictar\u00e1n talleres<\/p>\n","protected":false},"author":4,"featured_media":76364,"comment_status":"closed","ping_status":"closed","sticky":false,"template":"","format":"standard","meta":{"_jetpack_memberships_contains_paid_content":false,"footnotes":""},"categories":[9,1],"tags":[],"class_list":["post-76363","post","type-post","status-publish","format-standard","has-post-thumbnail","hentry","category-cultura","category-portada"],"jetpack_featured_media_url":"https:\/\/i0.wp.com\/cdnoticias.com\/wp-content\/uploads\/2023\/02\/carnaval-macondo-00.jpg?fit=800%2C445&ssl=1","jetpack_sharing_enabled":true,"_links":{"self":[{"href":"https:\/\/cdnoticias.com\/index.php\/wp-json\/wp\/v2\/posts\/76363","targetHints":{"allow":["GET"]}}],"collection":[{"href":"https:\/\/cdnoticias.com\/index.php\/wp-json\/wp\/v2\/posts"}],"about":[{"href":"https:\/\/cdnoticias.com\/index.php\/wp-json\/wp\/v2\/types\/post"}],"author":[{"embeddable":true,"href":"https:\/\/cdnoticias.com\/index.php\/wp-json\/wp\/v2\/users\/4"}],"replies":[{"embeddable":true,"href":"https:\/\/cdnoticias.com\/index.php\/wp-json\/wp\/v2\/comments?post=76363"}],"version-history":[{"count":0,"href":"https:\/\/cdnoticias.com\/index.php\/wp-json\/wp\/v2\/posts\/76363\/revisions"}],"wp:featuredmedia":[{"embeddable":true,"href":"https:\/\/cdnoticias.com\/index.php\/wp-json\/wp\/v2\/media\/76364"}],"wp:attachment":[{"href":"https:\/\/cdnoticias.com\/index.php\/wp-json\/wp\/v2\/media?parent=76363"}],"wp:term":[{"taxonomy":"category","embeddable":true,"href":"https:\/\/cdnoticias.com\/index.php\/wp-json\/wp\/v2\/categories?post=76363"},{"taxonomy":"post_tag","embeddable":true,"href":"https:\/\/cdnoticias.com\/index.php\/wp-json\/wp\/v2\/tags?post=76363"}],"curies":[{"name":"wp","href":"https:\/\/api.w.org\/{rel}","templated":true}]}}