{"id":76287,"date":"2023-02-06T12:34:51","date_gmt":"2023-02-06T15:34:51","guid":{"rendered":"https:\/\/www.centraldenoticias.com.ar\/?p=76287"},"modified":"2023-02-06T15:27:45","modified_gmt":"2023-02-06T18:27:45","slug":"avanza-la-construccion-de-la-sede-del-jardin-n-929","status":"publish","type":"post","link":"https:\/\/cdnoticias.com\/index.php\/2023\/02\/06\/avanza-la-construccion-de-la-sede-del-jardin-n-929\/","title":{"rendered":"Avanza la construcci\u00f3n de la sede del Jard\u00edn N\u00b0 929"},"content":{"rendered":"<p>El Intendente recorri\u00f3 la obra ubicada en barrio Roca Merlo. La inversi\u00f3n ronda los 60 millones de pesos.<!--more--><\/p>\n<hr \/>\n<p>En la ma\u00f1ana de este lunes el intendente municipal Ezequiel Galli, junto al secretario de Mantenimiento y Obras P\u00fablicas Julio Ferraro, recorri\u00f3 la <strong>obra de construcci\u00f3n de la sede del Jard\u00edn N\u00b0 929<\/strong>, tarea que se inici\u00f3 durante el \u00faltimo semestre del a\u00f1o pasado y que presenta un notable avance.<\/p>\n<p>&nbsp;<\/p>\n<p>Las tareas se llevan a cabo sobre<strong> Vicente L\u00f3pez entre Hip\u00f3lito Yrigoyen y Roque S\u00e1enz Pe\u00f1a, en el barrio Roca Merlo,<\/strong> a cargo de la empresa Visan Ingenier\u00eda S.A, adjudicataria de la licitaci\u00f3n que demanda una inversi\u00f3n de alrededor de <strong>60 millones de pesos.<\/strong><\/p>\n<p>&nbsp;<\/p>\n<p><strong>\u00a0La apertura de sobres de oferentes se realiz\u00f3 a inicios de mayo del 2022<\/strong>, en un acto que cont\u00f3 con la presencia del secretario de Gobierno Hilario Galli, el secretario de Mantenimiento y Obras P\u00fablicas Julio Ferraro, la directora de Licitaciones Pilar Ciardelli y la directora del Jard\u00edn N\u00b0 929 Magali Correa, quien concurri\u00f3 junto a su equipo docente.<\/p>\n<p>&nbsp;<\/p>\n<p><img data-recalc-dims=\"1\" loading=\"lazy\" decoding=\"async\" class=\"aligncenter size-full wp-image-76290\" src=\"https:\/\/i0.wp.com\/cdnoticias.com\/wp-content\/uploads\/2023\/02\/Obras-Recorrida-Jardin-N%C2%B0929-3-scaled-1.jpg?resize=800%2C445&#038;ssl=1\" alt=\"\" width=\"800\" height=\"445\" srcset=\"https:\/\/i0.wp.com\/cdnoticias.com\/wp-content\/uploads\/2023\/02\/Obras-Recorrida-Jardin-N%C2%B0929-3-scaled-1.jpg?w=2560&amp;ssl=1 2560w, https:\/\/i0.wp.com\/cdnoticias.com\/wp-content\/uploads\/2023\/02\/Obras-Recorrida-Jardin-N%C2%B0929-3-scaled-1.jpg?resize=300%2C167&amp;ssl=1 300w, https:\/\/i0.wp.com\/cdnoticias.com\/wp-content\/uploads\/2023\/02\/Obras-Recorrida-Jardin-N%C2%B0929-3-scaled-1.jpg?resize=1024%2C570&amp;ssl=1 1024w, https:\/\/i0.wp.com\/cdnoticias.com\/wp-content\/uploads\/2023\/02\/Obras-Recorrida-Jardin-N%C2%B0929-3-scaled-1.jpg?resize=768%2C427&amp;ssl=1 768w, https:\/\/i0.wp.com\/cdnoticias.com\/wp-content\/uploads\/2023\/02\/Obras-Recorrida-Jardin-N%C2%B0929-3-scaled-1.jpg?resize=1536%2C854&amp;ssl=1 1536w, https:\/\/i0.wp.com\/cdnoticias.com\/wp-content\/uploads\/2023\/02\/Obras-Recorrida-Jardin-N%C2%B0929-3-scaled-1.jpg?resize=2048%2C1139&amp;ssl=1 2048w, https:\/\/i0.wp.com\/cdnoticias.com\/wp-content\/uploads\/2023\/02\/Obras-Recorrida-Jardin-N%C2%B0929-3-scaled-1.jpg?resize=800%2C445&amp;ssl=1 800w, https:\/\/i0.wp.com\/cdnoticias.com\/wp-content\/uploads\/2023\/02\/Obras-Recorrida-Jardin-N%C2%B0929-3-scaled-1.jpg?w=1600&amp;ssl=1 1600w, https:\/\/i0.wp.com\/cdnoticias.com\/wp-content\/uploads\/2023\/02\/Obras-Recorrida-Jardin-N%C2%B0929-3-scaled-1.jpg?w=2400&amp;ssl=1 2400w\" sizes=\"auto, (max-width: 800px) 100vw, 800px\" \/><\/p>\n<p>&nbsp;<\/p>\n<blockquote><p>La obra contempla una superficie cubierta de 192 m2 en planta baja, 218 m2 en primer piso, y 118 m2 en la planta alta. Adem\u00e1s, cuenta con 100m2 de terraza.<\/p><\/blockquote>\n<p>&nbsp;<\/p>\n<p>El programa est\u00e1 compuesto en <strong>planta baja<\/strong> por: hall de acceso, dos direcciones, sala de m\u00fasica con ba\u00f1o y dep\u00f3sito, cocina con dep\u00f3sito, ba\u00f1o para personas con movilidad reducida, ba\u00f1o de profesores, ascensor y sala de m\u00e1quinas.<\/p>\n<p>&nbsp;<\/p>\n<p><img data-recalc-dims=\"1\" loading=\"lazy\" decoding=\"async\" class=\"aligncenter size-full wp-image-76288\" src=\"https:\/\/i0.wp.com\/cdnoticias.com\/wp-content\/uploads\/2023\/02\/Obras-Recorrida-Jardin-N%C2%B0929-1-scaled-1.jpg?resize=800%2C445&#038;ssl=1\" alt=\"\" width=\"800\" height=\"445\" srcset=\"https:\/\/i0.wp.com\/cdnoticias.com\/wp-content\/uploads\/2023\/02\/Obras-Recorrida-Jardin-N%C2%B0929-1-scaled-1.jpg?w=2560&amp;ssl=1 2560w, https:\/\/i0.wp.com\/cdnoticias.com\/wp-content\/uploads\/2023\/02\/Obras-Recorrida-Jardin-N%C2%B0929-1-scaled-1.jpg?resize=300%2C167&amp;ssl=1 300w, https:\/\/i0.wp.com\/cdnoticias.com\/wp-content\/uploads\/2023\/02\/Obras-Recorrida-Jardin-N%C2%B0929-1-scaled-1.jpg?resize=1024%2C570&amp;ssl=1 1024w, https:\/\/i0.wp.com\/cdnoticias.com\/wp-content\/uploads\/2023\/02\/Obras-Recorrida-Jardin-N%C2%B0929-1-scaled-1.jpg?resize=768%2C427&amp;ssl=1 768w, https:\/\/i0.wp.com\/cdnoticias.com\/wp-content\/uploads\/2023\/02\/Obras-Recorrida-Jardin-N%C2%B0929-1-scaled-1.jpg?resize=1536%2C854&amp;ssl=1 1536w, https:\/\/i0.wp.com\/cdnoticias.com\/wp-content\/uploads\/2023\/02\/Obras-Recorrida-Jardin-N%C2%B0929-1-scaled-1.jpg?resize=2048%2C1139&amp;ssl=1 2048w, https:\/\/i0.wp.com\/cdnoticias.com\/wp-content\/uploads\/2023\/02\/Obras-Recorrida-Jardin-N%C2%B0929-1-scaled-1.jpg?resize=800%2C445&amp;ssl=1 800w, https:\/\/i0.wp.com\/cdnoticias.com\/wp-content\/uploads\/2023\/02\/Obras-Recorrida-Jardin-N%C2%B0929-1-scaled-1.jpg?w=1600&amp;ssl=1 1600w, https:\/\/i0.wp.com\/cdnoticias.com\/wp-content\/uploads\/2023\/02\/Obras-Recorrida-Jardin-N%C2%B0929-1-scaled-1.jpg?w=2400&amp;ssl=1 2400w\" sizes=\"auto, (max-width: 800px) 100vw, 800px\" \/><\/p>\n<p>&nbsp;<\/p>\n<p>En el <strong>primer piso<\/strong> se disponen cuatro aulas con ba\u00f1os y mesada propios en cada uno de ellos, una sala para orientaci\u00f3n, otra sala destinada a preceptor\u00eda y sala de m\u00e1quinas. En el segundo piso, por su parte, se dispone un sal\u00f3n de usos m\u00faltiples con expansi\u00f3n a la terraza descubierta.<\/p>\n<p>&nbsp;<\/p>\n<p>Adem\u00e1s, el edificio contar\u00e1 con un <strong>n\u00facleo de circulaci\u00f3n<\/strong> compuesto por una escalera de hormig\u00f3n armado, de dos tramos y un ascensor hidr\u00e1ulico que recorre todos los pisos.<\/p>\n","protected":false},"excerpt":{"rendered":"<p>El Intendente recorri\u00f3 la obra ubicada en barrio Roca Merlo. La inversi\u00f3n ronda los 60 millones de pesos.<\/p>\n","protected":false},"author":5,"featured_media":76289,"comment_status":"closed","ping_status":"closed","sticky":false,"template":"","format":"standard","meta":{"_jetpack_memberships_contains_paid_content":false,"footnotes":""},"categories":[5,1],"tags":[],"class_list":["post-76287","post","type-post","status-publish","format-standard","has-post-thumbnail","hentry","category-informacion-general","category-portada"],"jetpack_featured_media_url":"https:\/\/i0.wp.com\/cdnoticias.com\/wp-content\/uploads\/2023\/02\/Obras-Recorrida-Jardin-N%C2%B0929-2-scaled-1.jpg?fit=2560%2C1424&ssl=1","jetpack_sharing_enabled":true,"_links":{"self":[{"href":"https:\/\/cdnoticias.com\/index.php\/wp-json\/wp\/v2\/posts\/76287","targetHints":{"allow":["GET"]}}],"collection":[{"href":"https:\/\/cdnoticias.com\/index.php\/wp-json\/wp\/v2\/posts"}],"about":[{"href":"https:\/\/cdnoticias.com\/index.php\/wp-json\/wp\/v2\/types\/post"}],"author":[{"embeddable":true,"href":"https:\/\/cdnoticias.com\/index.php\/wp-json\/wp\/v2\/users\/5"}],"replies":[{"embeddable":true,"href":"https:\/\/cdnoticias.com\/index.php\/wp-json\/wp\/v2\/comments?post=76287"}],"version-history":[{"count":0,"href":"https:\/\/cdnoticias.com\/index.php\/wp-json\/wp\/v2\/posts\/76287\/revisions"}],"wp:featuredmedia":[{"embeddable":true,"href":"https:\/\/cdnoticias.com\/index.php\/wp-json\/wp\/v2\/media\/76289"}],"wp:attachment":[{"href":"https:\/\/cdnoticias.com\/index.php\/wp-json\/wp\/v2\/media?parent=76287"}],"wp:term":[{"taxonomy":"category","embeddable":true,"href":"https:\/\/cdnoticias.com\/index.php\/wp-json\/wp\/v2\/categories?post=76287"},{"taxonomy":"post_tag","embeddable":true,"href":"https:\/\/cdnoticias.com\/index.php\/wp-json\/wp\/v2\/tags?post=76287"}],"curies":[{"name":"wp","href":"https:\/\/api.w.org\/{rel}","templated":true}]}}