{"id":76240,"date":"2023-02-05T12:20:08","date_gmt":"2023-02-05T15:20:08","guid":{"rendered":"https:\/\/www.centraldenoticias.com.ar\/?p=76240"},"modified":"2023-02-05T16:24:07","modified_gmt":"2023-02-05T19:24:07","slug":"autopista-fortabat-para-nosotros-fue-un-femicidio","status":"publish","type":"post","link":"https:\/\/cdnoticias.com\/index.php\/2023\/02\/05\/autopista-fortabat-para-nosotros-fue-un-femicidio\/","title":{"rendered":"Autopista Fortabat: \u201cPara nosotros fue un femicidio\u201d"},"content":{"rendered":"<p>El padrastro de Mar\u00eda Gonz\u00e1lez, la mujer que falleci\u00f3 este s\u00e1bado a ra\u00edz de las quemaduras sufridas en un violento episodio, habl\u00f3 con Central de Noticias y pidi\u00f3 respuestas. \u201cTengo la sensaci\u00f3n de que vivimos en una ciudad donde lo que no conviene se esconde\u201d, se\u00f1al\u00f3.<!--more--><\/p>\n<hr \/>\n<p>La familia de Mar\u00eda Gonz\u00e1lez, la mujer de 36 a\u00f1os que <a href=\"https:\/\/cdnoticias.com\/index.php\/2023\/02\/04\/autopista-fortabat-fallecio-la-mujer-que-se-encontraba-internada-en-esteban-echeverria\/\" target=\"_blank\" rel=\"noopener\">falleci\u00f3 producto de las graves heridas que sufri\u00f3 en un violento episodio<\/a> en el que tambi\u00e9n result\u00f3 con quemaduras su pareja, <strong>pide que el hecho se esclarezca y reclaman informaci\u00f3n sobre lo sucedido.<\/strong><\/p>\n<p>&nbsp;<\/p>\n<p><strong>\u201cNuestra situaci\u00f3n es ca\u00f3tica. Para nosotros es un femicidio\u201d<\/strong>, indic\u00f3 a <em>Central de Noticias<\/em> <strong>Marcos Court, padrastro de Mar\u00eda<\/strong> y agreg\u00f3: \u201cQuiero que alguien me explique lo que pas\u00f3, que alguien me llame de Fiscalia porque esto sucedi\u00f3 hace una semana y nadie me dio respuesta. La causa qued\u00f3 como que Mar\u00eda es la imputada\u201d.<\/p>\n<p>&nbsp;<\/p>\n<p>La familia de Mar\u00eda siempre <a href=\"https:\/\/cdnoticias.com\/index.php\/2023\/01\/31\/autopista-fortabat-la-familia-descree-de-la-version-y-pide-investigar-por-violencia-de-genero\/\" target=\"_blank\" rel=\"noopener\">descrey\u00f3 de la versi\u00f3n oficial<\/a> que se dio <strong>en primera instancia en la que se inform\u00f3 que el 29 de enero ella habr\u00eda rociado con alcohol el pecho de su pareja, se roci\u00f3 ella misma y se prendieron fuego.<\/strong><\/p>\n<p>&nbsp;<\/p>\n<p>Mar\u00eda debi\u00f3 ser trasladada de urgencia a un centro especializado en Esteban Echeverr\u00eda donde finalmente falleci\u00f3 este s\u00e1bado y <strong>su cuerpo ser\u00e1 sometido a una autopsia<\/strong>. En tanto, su pareja, contin\u00faa internado en el Hospital Municipal \u201cDr. H\u00e9ctor Cura\u201d.<\/p>\n<p>&nbsp;<\/p>\n<p><strong>Court asegur\u00f3 que la familia tiene muchos interrogantes y pocas respuestas.<\/strong> \u201cAyer me llamaron de la polic\u00eda de Loma Negra pidiendo la documentaci\u00f3n f\u00edsica de Mar\u00eda, como no la tengo les dije que estaba en la casa y<strong> me dicen que la casa est\u00e1 cerrada y que la llave la tienen unos supuestos alba\u00f1iles que cerraron pero no tienen ni los nombre ni los apellidos<\/strong>\u201d, relat\u00f3.<\/p>\n<p>&nbsp;<\/p>\n<p>A ra\u00edz de esto, \u201c<strong>me pregunto si estos supuestos alba\u00f1iles son testigos o son c\u00f3mplices.<\/strong> Nadie tom\u00f3 datos\u2026 c\u00f3mo un simple alba\u00f1il puede tener la llave de un lugar donde hubo un homicidio, c\u00f3mo s\u00e9 si no son c\u00f3mplices y pueden ir a borrar pruebas\u201d.<\/p>\n<p>&nbsp;<\/p>\n<p><strong>La causa se radic\u00f3 como \u201clesiones\u201d en la UFI N\u00ba 5 especializada en violencia familiar y de g\u00e9nero, a cargo de la doctora Viviana Beyt\u00eda.<\/strong> \u201cEstuve tratando de contactarme con la doctora toda la ma\u00f1ana, pero se ve que estar\u00e1 descansando. Nadie se contact\u00f3 con nosotros desde que sucedieron los hechos, nadie nos llam\u00f3, nadie nos aclar\u00f3 nada\u201d, indic\u00f3 Court.<\/p>\n<p>&nbsp;<\/p>\n<p>\u201c<strong>Siento que hay un encubrimiento de todas las partes.<\/strong> Los oficiales que actuaron en primera instancia no tomaron los datos de los alba\u00f1iles que cerraron la casa, no saben ni d\u00f3nde viven ni c\u00f3mo se llaman\u201d, resalt\u00f3 el padrastro de Mar\u00eda.<\/p>\n<p>&nbsp;<\/p>\n<blockquote><p>\u201cLa causa se cerr\u00f3 en un primer momento como que nuestra hija era la imputada pero como familia vamos a seguir hasta las \u00faltimas consecuencias\u201d, asegur\u00f3 Court.<\/p><\/blockquote>\n<p>&nbsp;<\/p>\n<p><strong>\u201c\u00bfQui\u00e9nes son los testigos del hecho?\u201d<\/strong>, reiter\u00f3 en varias oportunidades Court. \u201cQued\u00f3 todo en un medio tiempo que no se termina nunca. No me dicen c\u00f3mo sigue esto, qu\u00e9 tengo que hacer\u201d.<\/p>\n<p>&nbsp;<\/p>\n<p>Se\u00f1al\u00f3 que \u201c<strong>no s\u00e9 si esto pasa porque no tenemos plata, tal vez hay que tener plata para que a uno le sigan el caso.<\/strong> Hace una semana de esto, el tel\u00e9fono de nuestra hija no aparece, estamos esperando que aparezca la llave. Por favor, que me den una explicaci\u00f3n\u201d.<\/p>\n<p>&nbsp;<\/p>\n<p>Por \u00faltimo indic\u00f3 que la familia conoc\u00eda que Mar\u00eda <strong>sufr\u00eda violencia de g\u00e9nero <\/strong>pero \u201cpor el mismo miedo a este hombre ella escond\u00eda informaci\u00f3n. Hay infinidad de hechos que quedan en la nada.<strong> Tengo la sensaci\u00f3n de que vivimos en una ciudad donde lo que no conviene se esconde<\/strong>\u201d.<\/p>\n","protected":false},"excerpt":{"rendered":"<p>El padrastro de Mar\u00eda Gonz\u00e1lez, la mujer que falleci\u00f3 este s\u00e1bado a ra\u00edz de las quemaduras sufridas en un violento<\/p>\n","protected":false},"author":2,"featured_media":42281,"comment_status":"closed","ping_status":"closed","sticky":false,"template":"","format":"standard","meta":{"_jetpack_memberships_contains_paid_content":false,"footnotes":""},"categories":[3,1],"tags":[],"class_list":["post-76240","post","type-post","status-publish","format-standard","has-post-thumbnail","hentry","category-genero","category-portada"],"jetpack_featured_media_url":"https:\/\/i0.wp.com\/cdnoticias.com\/wp-content\/uploads\/2021\/12\/fiscalia.jpg?fit=800%2C445&ssl=1","jetpack_sharing_enabled":true,"_links":{"self":[{"href":"https:\/\/cdnoticias.com\/index.php\/wp-json\/wp\/v2\/posts\/76240","targetHints":{"allow":["GET"]}}],"collection":[{"href":"https:\/\/cdnoticias.com\/index.php\/wp-json\/wp\/v2\/posts"}],"about":[{"href":"https:\/\/cdnoticias.com\/index.php\/wp-json\/wp\/v2\/types\/post"}],"author":[{"embeddable":true,"href":"https:\/\/cdnoticias.com\/index.php\/wp-json\/wp\/v2\/users\/2"}],"replies":[{"embeddable":true,"href":"https:\/\/cdnoticias.com\/index.php\/wp-json\/wp\/v2\/comments?post=76240"}],"version-history":[{"count":0,"href":"https:\/\/cdnoticias.com\/index.php\/wp-json\/wp\/v2\/posts\/76240\/revisions"}],"wp:featuredmedia":[{"embeddable":true,"href":"https:\/\/cdnoticias.com\/index.php\/wp-json\/wp\/v2\/media\/42281"}],"wp:attachment":[{"href":"https:\/\/cdnoticias.com\/index.php\/wp-json\/wp\/v2\/media?parent=76240"}],"wp:term":[{"taxonomy":"category","embeddable":true,"href":"https:\/\/cdnoticias.com\/index.php\/wp-json\/wp\/v2\/categories?post=76240"},{"taxonomy":"post_tag","embeddable":true,"href":"https:\/\/cdnoticias.com\/index.php\/wp-json\/wp\/v2\/tags?post=76240"}],"curies":[{"name":"wp","href":"https:\/\/api.w.org\/{rel}","templated":true}]}}