{"id":76227,"date":"2023-02-04T19:52:28","date_gmt":"2023-02-04T22:52:28","guid":{"rendered":"https:\/\/www.centraldenoticias.com.ar\/?p=76227"},"modified":"2023-02-04T19:52:28","modified_gmt":"2023-02-04T22:52:28","slug":"una-vecina-reclamo-por-la-falta-de-recoleccion-de-residuos-en-su-cuadra","status":"publish","type":"post","link":"https:\/\/cdnoticias.com\/index.php\/2023\/02\/04\/una-vecina-reclamo-por-la-falta-de-recoleccion-de-residuos-en-su-cuadra\/","title":{"rendered":"Una vecina reclam\u00f3 por la falta de recolecci\u00f3n de residuos en su cuadra"},"content":{"rendered":"<p>Asegur\u00f3 que \u201cno pasan por la cuadra de Brown entre Merlo y Grimaldi\u201d y manifest\u00f3 estar \u201ccansada\u201d de llamar a la empresa para denunciar la situaci\u00f3n.<!--more--><\/p>\n<hr \/>\n<p>\u201cHoy hago p\u00fablica esta situaci\u00f3n porque ya <strong>estoy cansada de llamar cada 6 meses a la empresa que recoge los residuos<\/strong>\u201d, manifest\u00f3 a <em>Central de Noticias<\/em> una vecina. Adem\u00e1s, dej\u00f3 plasmado el reclamo en redes sociales.<\/p>\n<p>&nbsp;<\/p>\n<p>Seg\u00fan explic\u00f3 desde que Brown comenz\u00f3 a ser mano \u00fanica desde Sarmiento a Trabajadores \u201clos recolectores <strong>no pasan por la cuadra de Brown entre Merlo y Grimaldi.<\/strong> Al parecer les queda inc\u00f3modo y miran desde la esquina de Merlo si hay basura en los contenedores para luego hacer marcha atr\u00e1s para juntarlos. <strong>Cuando las bolsas son negras, no las ven<\/strong>\u201d.<\/p>\n<p>&nbsp;<\/p>\n<blockquote><p>\u201cHoy llevamos 3 d\u00edas sin que junten la basura, los tres contenedores de la cuadra est\u00e1n que explotan y, seg\u00fan lo que dice la empresa, nos corresponde la recolecci\u00f3n de domingo a viernes\u201d, agreg\u00f3.<\/p><\/blockquote>\n<p>&nbsp;<\/p>\n<p>Por \u00faltimo, remarc\u00f3 que \u201cen la cuadra vive un alto funcionario municipal, uno de los canastos llenos de basura le pertenece y no es capaz de hacer el reclamo correspondiente a la empresa que el mismo municipio contrata\u201d.<\/p>\n<p>&nbsp;<\/p>\n<p><strong>\u201cEstoy cansada de llamar a la empresa y que el problema se resuelva solo unos meses para volver a lo mismo\u201d<\/strong>, concluy\u00f3.<\/p>\n<p>&nbsp;<\/p>\n","protected":false},"excerpt":{"rendered":"<p>Asegur\u00f3 que \u201cno pasan por la cuadra de Brown entre Merlo y Grimaldi\u201d y manifest\u00f3 estar \u201ccansada\u201d de llamar a<\/p>\n","protected":false},"author":5,"featured_media":76228,"comment_status":"closed","ping_status":"closed","sticky":false,"template":"","format":"standard","meta":{"_jetpack_memberships_contains_paid_content":false,"footnotes":""},"categories":[5,1],"tags":[],"class_list":["post-76227","post","type-post","status-publish","format-standard","has-post-thumbnail","hentry","category-informacion-general","category-portada"],"jetpack_featured_media_url":"https:\/\/i0.wp.com\/cdnoticias.com\/wp-content\/uploads\/2023\/02\/reclamo-brown-recoleccion-residuos.jpg?fit=1180%2C656&ssl=1","jetpack_sharing_enabled":true,"_links":{"self":[{"href":"https:\/\/cdnoticias.com\/index.php\/wp-json\/wp\/v2\/posts\/76227","targetHints":{"allow":["GET"]}}],"collection":[{"href":"https:\/\/cdnoticias.com\/index.php\/wp-json\/wp\/v2\/posts"}],"about":[{"href":"https:\/\/cdnoticias.com\/index.php\/wp-json\/wp\/v2\/types\/post"}],"author":[{"embeddable":true,"href":"https:\/\/cdnoticias.com\/index.php\/wp-json\/wp\/v2\/users\/5"}],"replies":[{"embeddable":true,"href":"https:\/\/cdnoticias.com\/index.php\/wp-json\/wp\/v2\/comments?post=76227"}],"version-history":[{"count":0,"href":"https:\/\/cdnoticias.com\/index.php\/wp-json\/wp\/v2\/posts\/76227\/revisions"}],"wp:featuredmedia":[{"embeddable":true,"href":"https:\/\/cdnoticias.com\/index.php\/wp-json\/wp\/v2\/media\/76228"}],"wp:attachment":[{"href":"https:\/\/cdnoticias.com\/index.php\/wp-json\/wp\/v2\/media?parent=76227"}],"wp:term":[{"taxonomy":"category","embeddable":true,"href":"https:\/\/cdnoticias.com\/index.php\/wp-json\/wp\/v2\/categories?post=76227"},{"taxonomy":"post_tag","embeddable":true,"href":"https:\/\/cdnoticias.com\/index.php\/wp-json\/wp\/v2\/tags?post=76227"}],"curies":[{"name":"wp","href":"https:\/\/api.w.org\/{rel}","templated":true}]}}