{"id":76201,"date":"2023-02-04T11:30:59","date_gmt":"2023-02-04T14:30:59","guid":{"rendered":"https:\/\/www.centraldenoticias.com.ar\/?p=76201"},"modified":"2023-02-04T11:30:59","modified_gmt":"2023-02-04T14:30:59","slug":"ezequiel-y-diego-fomentan-el-dialogo-constante-tanto-dentro-del-pro-como-con-los-vecinos","status":"publish","type":"post","link":"https:\/\/cdnoticias.com\/index.php\/2023\/02\/04\/ezequiel-y-diego-fomentan-el-dialogo-constante-tanto-dentro-del-pro-como-con-los-vecinos\/","title":{"rendered":"&#8220;Ezequiel y Diego fomentan el di\u00e1logo constante tanto dentro del PRO como con los vecinos&#8221;"},"content":{"rendered":"<p>As\u00ed lo indic\u00f3 el director de la sede regional del Instituto Rep\u00fablica, Mart\u00edn Endere, tras la conferencia en la &#8220;casa amarilla&#8221; brindada por el Intendente y el diputado nacional Diego Santilli.<!--more--><\/p>\n<hr \/>\n<p>Luego de que <a href=\"https:\/\/cdnoticias.com\/index.php\/2023\/02\/03\/reunion-del-pro-en-sierras-bayas-gestion-y-coparticipacion-los-temas\/\" target=\"_blank\" rel=\"noopener\">se realizara la reuni\u00f3n de la mesa provincial del PRO<\/a> y la recorrida por distintos puntos del partido de Olavarr\u00eda, el intendente Ezequiel Galli y el diputado nacional Diego Santilli se acercaron al Instituto Rep\u00fablica para brindar una conferencia de prensa.<strong> Estuvieron acompa\u00f1ados por funcionarios municipales y concejales del bloque Juntos.<\/strong> Luego compartieron un caf\u00e9 con vecinos de Olavarr\u00eda.<\/p>\n<p>&nbsp;<\/p>\n<p>El jefe comunal manifest\u00f3 estar \u201ccontento de recibir al Colo en casa\u201d, sentimiento compartido por<strong> el director del Instituto Rep\u00fablica, Mart\u00edn Endere, que a su turno destac\u00f3 la importancia de contar con Diego Santilli nuevamente en la \u201ccasa amarilla\u201d de Olavarr\u00eda, sede regional del Instituto Rep\u00fablica<\/strong>.<\/p>\n<p>&nbsp;<\/p>\n<p>Cabe recordar que el Diputado Nacional asisti\u00f3 a la inauguraci\u00f3n de este espacio junto al intendente Galli en 2022. <em>\u201cEzequiel y Diego son dos grandes referentes del espacio, que fomentan la formaci\u00f3n pol\u00edtica y el di\u00e1logo constante tanto dentro del PRO como con los vecinos\u201d<\/em>, destac\u00f3 Endere.<\/p>\n<p>&nbsp;<\/p>\n<p>Tanto en la cumbre con Intendentes de la Provincia, como en la conferencia, uno de los ejes centrales <strong>estuvo en la coparticipaci\u00f3n y la distribuci\u00f3n desigual entre los distritos<\/strong>. Santilli se\u00f1al\u00f3 dos v\u00edas de soluci\u00f3n: \u201cTransparentar los recursos a los Municipios y fortalecer las autonom\u00edas\u201d.<\/p>\n<p>&nbsp;<\/p>\n<p>Respecto de Olavarr\u00eda, el Diputado Nacional destac\u00f3 la \u201cimpresionante planta Loma Negra\u201d, pero se\u00f1al\u00f3 que<strong> \u201ca Olavarr\u00eda le faltan 9 kil\u00f3metros de autov\u00eda en la Ruta 51 para sacar el cemento a nuestro pa\u00eds\u201d. En este sentido, Diego Santilli se comprometi\u00f3 a \u201cllevar esa obra adelante si me toca ser Gobernador\u201d.<\/strong><\/p>\n<p>&nbsp;<\/p>\n<p>Tanto Ezequiel Galli como Diego Santilli, en el marco de la reuni\u00f3n de cabeceras de secci\u00f3n y candidatos del PRO, destacaron la importancia de <em>\u201cencontrar puntos de com\u00fan acuerdo para una competencia interna sana\u201d<\/em> y apuntar a <em>\u201cordenar la Provincia, orientarla hacia la generaci\u00f3n de puestos de trabajo, bajar la presi\u00f3n fiscal y devolverles la paz a los bonaerenses\u201d.<\/em><\/p>\n<p>&nbsp;<\/p>\n<p>Asimismo y realizando una comparativa con la<strong><em> \u201cgesti\u00f3n invisible del gobernador Kicillof, con serios problemas en educaci\u00f3n, generaci\u00f3n de trabajo, salud, seguridad\u201d<\/em><\/strong>, Santilli y Galli coincidieron en que el PRO, de cara a las elecciones, encuentra a sus integrantes <em>\u201cconvencidos de nuestra visi\u00f3n, de nuestros planes, de nuestras propuestas y el trabajo que venimos haciendo y nos avalan intendentes de la calidad de Ezequiel\u201d.<\/em><\/p>\n","protected":false},"excerpt":{"rendered":"<p>As\u00ed lo indic\u00f3 el director de la sede regional del Instituto Rep\u00fablica, Mart\u00edn Endere, tras la conferencia en la &#8220;casa<\/p>\n","protected":false},"author":2,"featured_media":64462,"comment_status":"closed","ping_status":"closed","sticky":false,"template":"","format":"standard","meta":{"_jetpack_memberships_contains_paid_content":false,"footnotes":""},"categories":[4],"tags":[],"class_list":["post-76201","post","type-post","status-publish","format-standard","has-post-thumbnail","hentry","category-politica"],"jetpack_featured_media_url":"https:\/\/i0.wp.com\/cdnoticias.com\/wp-content\/uploads\/2022\/09\/endere-instituto-republica-2-scaled.jpg?fit=2560%2C1536&ssl=1","jetpack_sharing_enabled":true,"_links":{"self":[{"href":"https:\/\/cdnoticias.com\/index.php\/wp-json\/wp\/v2\/posts\/76201","targetHints":{"allow":["GET"]}}],"collection":[{"href":"https:\/\/cdnoticias.com\/index.php\/wp-json\/wp\/v2\/posts"}],"about":[{"href":"https:\/\/cdnoticias.com\/index.php\/wp-json\/wp\/v2\/types\/post"}],"author":[{"embeddable":true,"href":"https:\/\/cdnoticias.com\/index.php\/wp-json\/wp\/v2\/users\/2"}],"replies":[{"embeddable":true,"href":"https:\/\/cdnoticias.com\/index.php\/wp-json\/wp\/v2\/comments?post=76201"}],"version-history":[{"count":0,"href":"https:\/\/cdnoticias.com\/index.php\/wp-json\/wp\/v2\/posts\/76201\/revisions"}],"wp:featuredmedia":[{"embeddable":true,"href":"https:\/\/cdnoticias.com\/index.php\/wp-json\/wp\/v2\/media\/64462"}],"wp:attachment":[{"href":"https:\/\/cdnoticias.com\/index.php\/wp-json\/wp\/v2\/media?parent=76201"}],"wp:term":[{"taxonomy":"category","embeddable":true,"href":"https:\/\/cdnoticias.com\/index.php\/wp-json\/wp\/v2\/categories?post=76201"},{"taxonomy":"post_tag","embeddable":true,"href":"https:\/\/cdnoticias.com\/index.php\/wp-json\/wp\/v2\/tags?post=76201"}],"curies":[{"name":"wp","href":"https:\/\/api.w.org\/{rel}","templated":true}]}}