{"id":7619,"date":"2020-11-27T13:31:16","date_gmt":"2020-11-27T16:31:16","guid":{"rendered":"http:\/\/www.centraldenoticias.com.ar\/?p=7619"},"modified":"2020-11-27T15:12:36","modified_gmt":"2020-11-27T18:12:36","slug":"desde-el-1-de-diciembre-habra-horario-de-verano-en-los-bancos","status":"publish","type":"post","link":"https:\/\/cdnoticias.com\/index.php\/2020\/11\/27\/desde-el-1-de-diciembre-habra-horario-de-verano-en-los-bancos\/","title":{"rendered":"Desde el 1 de diciembre, habr\u00e1 \u201chorario de verano\u201d en los bancos"},"content":{"rendered":"<p>Ser\u00e1 de 8 a 13 horas en todas las sedes bancarias de la ciudad hasta el mes de abril. Lo confirm\u00f3 el titular de la Asociaci\u00f3n Bancaria de Azul, Jos\u00e9 Luis Iturralde.<!--more--><\/p>\n<hr \/>\n<p>Desde el 1 de diciembre<strong> los bancos tendr\u00e1n un nuevo horario de atenci\u00f3n \u201cde verano\u201d. Ser\u00e1 de 8 a 13 horas hasta el 4 de abril.<\/strong> La novedad fue confirmada por el titular de la Asociaci\u00f3n Bancaria de Azul, Jos\u00e9 Luis Iturralde.<\/p>\n<p>&nbsp;<\/p>\n<p>En di\u00e1logo con Central de Noticias, <strong>Iturralde destac\u00f3 como \u201chist\u00f3rico\u201d el cambio dado que no se aplica desde el a\u00f1o 1996.<\/strong><em> \u201cEs un viejo anhelo de los trabajadores bancarios\u201d.<\/em><\/p>\n<p>&nbsp;<\/p>\n<blockquote><p>De 7.45 a 15.15 ser\u00e1 el \u201chorario de trabajo\u201d para los trabajadoras y trabajadores de todos los bancos p\u00fablicos, privados y cooperativos.<\/p><\/blockquote>\n<p>&nbsp;<\/p>\n<p>Destac\u00f3, en este sentido,<strong> el rol del gobernador Kicillof de aceptar la propuesta (el cambio ser\u00e1 para todos los bancos de la Provincia de Buenos Aires) y el consenso de aceptaci\u00f3n.<\/strong> <em>\u201cEl gobernador consult\u00f3 a todos los intendentes y me reun\u00ed con los jefes comunales de la zona\u201d<\/em> dijo Iturralde en este sentido.<\/p>\n<p>&nbsp;<\/p>\n<p><img data-recalc-dims=\"1\" loading=\"lazy\" decoding=\"async\" class=\"alignnone size-full wp-image-7622\" src=\"https:\/\/i0.wp.com\/cdnoticias.com\/wp-content\/uploads\/2020\/11\/iturralde-bancaria.jpg?resize=800%2C533&#038;ssl=1\" alt=\"\" width=\"800\" height=\"533\" srcset=\"https:\/\/i0.wp.com\/cdnoticias.com\/wp-content\/uploads\/2020\/11\/iturralde-bancaria.jpg?w=1000&amp;ssl=1 1000w, https:\/\/i0.wp.com\/cdnoticias.com\/wp-content\/uploads\/2020\/11\/iturralde-bancaria.jpg?resize=300%2C200&amp;ssl=1 300w, https:\/\/i0.wp.com\/cdnoticias.com\/wp-content\/uploads\/2020\/11\/iturralde-bancaria.jpg?resize=768%2C511&amp;ssl=1 768w, https:\/\/i0.wp.com\/cdnoticias.com\/wp-content\/uploads\/2020\/11\/iturralde-bancaria.jpg?resize=272%2C182&amp;ssl=1 272w\" sizes=\"auto, (max-width: 800px) 100vw, 800px\" \/><\/p>\n<p>&nbsp;<\/p>\n<p>En los encuentros con los intendentes, <strong>Iturralde mantuvo una reuni\u00f3n con Ezequiel Galli, quien tambi\u00e9n dio el visto bueno al cambio de horario en este periodo veraniego.<\/strong><\/p>\n<p>&nbsp;<\/p>\n<p>Adem\u00e1s, <em>&#8220;juega a favor porque hay algunos temas que observar\u201d: internamente, \u201cel uso del aire acondicionado con el Covid-19\u201d<\/em> y externamente<em> \u201cno se exponen los jubilados y jubiladas a altas temperaturas hasta las 15 horas cuando van en general a hacer colas a las 7.30&#8243;<\/em> cerr\u00f3 Iturralde.<\/p>\n","protected":false},"excerpt":{"rendered":"<p>Ser\u00e1 de 8 a 13 horas en todas las sedes bancarias de la ciudad hasta el mes de abril. Lo<\/p>\n","protected":false},"author":2,"featured_media":2757,"comment_status":"closed","ping_status":"closed","sticky":false,"template":"","format":"standard","meta":{"_jetpack_memberships_contains_paid_content":false,"footnotes":""},"categories":[5,1],"tags":[],"class_list":["post-7619","post","type-post","status-publish","format-standard","has-post-thumbnail","hentry","category-informacion-general","category-portada"],"jetpack_featured_media_url":"https:\/\/i0.wp.com\/cdnoticias.com\/wp-content\/uploads\/2020\/09\/WhatsApp-Image-2020-09-24-at-11.22.48.jpeg?fit=1032%2C774&ssl=1","jetpack_sharing_enabled":true,"_links":{"self":[{"href":"https:\/\/cdnoticias.com\/index.php\/wp-json\/wp\/v2\/posts\/7619","targetHints":{"allow":["GET"]}}],"collection":[{"href":"https:\/\/cdnoticias.com\/index.php\/wp-json\/wp\/v2\/posts"}],"about":[{"href":"https:\/\/cdnoticias.com\/index.php\/wp-json\/wp\/v2\/types\/post"}],"author":[{"embeddable":true,"href":"https:\/\/cdnoticias.com\/index.php\/wp-json\/wp\/v2\/users\/2"}],"replies":[{"embeddable":true,"href":"https:\/\/cdnoticias.com\/index.php\/wp-json\/wp\/v2\/comments?post=7619"}],"version-history":[{"count":0,"href":"https:\/\/cdnoticias.com\/index.php\/wp-json\/wp\/v2\/posts\/7619\/revisions"}],"wp:featuredmedia":[{"embeddable":true,"href":"https:\/\/cdnoticias.com\/index.php\/wp-json\/wp\/v2\/media\/2757"}],"wp:attachment":[{"href":"https:\/\/cdnoticias.com\/index.php\/wp-json\/wp\/v2\/media?parent=7619"}],"wp:term":[{"taxonomy":"category","embeddable":true,"href":"https:\/\/cdnoticias.com\/index.php\/wp-json\/wp\/v2\/categories?post=7619"},{"taxonomy":"post_tag","embeddable":true,"href":"https:\/\/cdnoticias.com\/index.php\/wp-json\/wp\/v2\/tags?post=7619"}],"curies":[{"name":"wp","href":"https:\/\/api.w.org\/{rel}","templated":true}]}}