{"id":76189,"date":"2023-02-03T22:13:25","date_gmt":"2023-02-04T01:13:25","guid":{"rendered":"https:\/\/www.centraldenoticias.com.ar\/?p=76189"},"modified":"2023-02-04T10:01:59","modified_gmt":"2023-02-04T13:01:59","slug":"santilli-contra-kicillof-hoy-se-caracteriza-por-ser-una-gestion-invisible-la-del-gobernador","status":"publish","type":"post","link":"https:\/\/cdnoticias.com\/index.php\/2023\/02\/03\/santilli-contra-kicillof-hoy-se-caracteriza-por-ser-una-gestion-invisible-la-del-gobernador\/","title":{"rendered":"Santilli contra Kicillof: \u201cHoy se caracteriza por ser una gesti\u00f3n invisible la del gobernador\u201d"},"content":{"rendered":"<p>El precandidato a gobernador del Pro estuvo de recorrida por Olavarr\u00eda con Ezequiel Galli. Se comprometi\u00f3 a construir un tramo de autov\u00eda en la ruta 51 \u201csi me toca ser gobernador\u201d.<!--more--><\/p>\n<hr \/>\n<p><strong>\u201cHoy se caracteriza por ser una gesti\u00f3n invisible la del gobernador. No est\u00e1, no tiene gesti\u00f3n\u201d<\/strong> enfatiz\u00f3 <strong>Diego Santilli<\/strong> sus cr\u00edticas a Axel Kicillof en una conferencia de prensa que brind\u00f3<strong> en la sede del Instituto Rep\u00fablica<\/strong> este viernes por la tarde.<\/p>\n<p>&nbsp;<\/p>\n<p><a href=\"https:\/\/cdnoticias.com\/index.php\/2023\/02\/03\/reunion-del-pro-en-sierras-bayas-gestion-y-coparticipacion-los-temas\/\" target=\"_blank\" rel=\"noopener\">Tras la reuni\u00f3n de la Mesa Pro de la provincia<\/a>, el diputado nacional y precandidato a gobernador Diego Santilli se qued\u00f3 en Olavarr\u00eda para <strong>participar de una recorrida junto al intendente Ezequiel Galli<\/strong>.<\/p>\n<p>&nbsp;<\/p>\n<p>Tal como dieron a conocer en la charla,<strong> el eje central de las actividades se vincul\u00f3 con producci\u00f3n e infraestructura<\/strong>: estuvieron en la planta L\u00b4Amal\u00ed de la cementera Loma Negra, y de recorrida por la ruta 51 y en el Parque Empresarial Los Fresnos. Galli aclar\u00f3 que las actividades con Santilli continuar\u00edan tras esa conferencia, ya que estaba prevista una reuni\u00f3n con vecinos. <em>\u201cVa a ser un a\u00f1o movido, intenso, no ser\u00e1 la primera ni la \u00faltima vez que vengas y menos este a\u00f1o\u201d<\/em> le remarc\u00f3 el jefe comunal al legislador con miras a lo que ser\u00e1 la campa\u00f1a electoral.<\/p>\n<p>&nbsp;<\/p>\n<blockquote class=\"instagram-media\" style=\"background: #FFF; border: 0; border-radius: 3px; box-shadow: 0 0 1px 0 rgba(0,0,0,0.5),0 1px 10px 0 rgba(0,0,0,0.15); margin: 1px; max-width: 540px; min-width: 326px; padding: 0; width: calc(100% - 2px);\" data-instgrm-captioned=\"\" data-instgrm-permalink=\"https:\/\/www.instagram.com\/reel\/CoOMSZ_gVof\/?utm_source=ig_embed&amp;utm_campaign=loading\" data-instgrm-version=\"14\">\n<div style=\"padding: 16px;\">\n<p>&nbsp;<\/p>\n<div style=\"display: flex; flex-direction: row; align-items: center;\">\n<div style=\"background-color: #f4f4f4; border-radius: 50%; flex-grow: 0; height: 40px; margin-right: 14px; width: 40px;\"><\/div>\n<div style=\"display: flex; flex-direction: column; flex-grow: 1; justify-content: center;\">\n<div style=\"background-color: #f4f4f4; border-radius: 4px; flex-grow: 0; height: 14px; margin-bottom: 6px; width: 100px;\"><\/div>\n<div style=\"background-color: #f4f4f4; border-radius: 4px; flex-grow: 0; height: 14px; width: 60px;\"><\/div>\n<\/div>\n<\/div>\n<div style=\"padding: 19% 0;\"><\/div>\n<div style=\"display: block; height: 50px; margin: 0 auto 12px; width: 50px;\"><\/div>\n<div style=\"padding-top: 8px;\">\n<div style=\"color: #3897f0; font-family: Arial,sans-serif; font-size: 14px; font-style: normal; font-weight: 550; line-height: 18px;\">Ver esta publicaci\u00f3n en Instagram<\/div>\n<\/div>\n<div style=\"padding: 12.5% 0;\"><\/div>\n<div style=\"display: flex; flex-direction: row; margin-bottom: 14px; align-items: center;\">\n<div>\n<div style=\"background-color: #f4f4f4; border-radius: 50%; height: 12.5px; width: 12.5px; transform: translateX(0px) translateY(7px);\"><\/div>\n<div style=\"background-color: #f4f4f4; height: 12.5px; transform: rotate(-45deg) translateX(3px) translateY(1px); width: 12.5px; flex-grow: 0; margin-right: 14px; margin-left: 2px;\"><\/div>\n<div style=\"background-color: #f4f4f4; border-radius: 50%; height: 12.5px; width: 12.5px; transform: translateX(9px) translateY(-18px);\"><\/div>\n<\/div>\n<div style=\"margin-left: 8px;\">\n<div style=\"background-color: #f4f4f4; border-radius: 50%; flex-grow: 0; height: 20px; width: 20px;\"><\/div>\n<div style=\"width: 0; height: 0; border-top: 2px solid transparent; border-left: 6px solid #f4f4f4; border-bottom: 2px solid transparent; transform: translateX(16px) translateY(-4px) rotate(30deg);\"><\/div>\n<\/div>\n<div style=\"margin-left: auto;\">\n<div style=\"width: 0px; border-top: 8px solid #F4F4F4; border-right: 8px solid transparent; transform: translateY(16px);\"><\/div>\n<div style=\"background-color: #f4f4f4; flex-grow: 0; height: 12px; width: 16px; transform: translateY(-4px);\"><\/div>\n<div style=\"width: 0; height: 0; border-top: 8px solid #F4F4F4; border-left: 8px solid transparent; transform: translateY(-4px) translateX(8px);\"><\/div>\n<\/div>\n<\/div>\n<div style=\"display: flex; flex-direction: column; flex-grow: 1; justify-content: center; margin-bottom: 24px;\">\n<div style=\"background-color: #f4f4f4; border-radius: 4px; flex-grow: 0; height: 14px; margin-bottom: 6px; width: 224px;\"><\/div>\n<div style=\"background-color: #f4f4f4; border-radius: 4px; flex-grow: 0; height: 14px; width: 144px;\"><\/div>\n<\/div>\n<p>&nbsp;<\/p>\n<p style=\"color: #c9c8cd; font-family: Arial,sans-serif; font-size: 14px; line-height: 17px; margin-bottom: 0; margin-top: 8px; overflow: hidden; padding: 8px 0 7px; text-align: center; text-overflow: ellipsis; white-space: nowrap;\"><a style=\"color: #c9c8cd; font-family: Arial,sans-serif; font-size: 14px; font-style: normal; font-weight: normal; line-height: 17px; text-decoration: none;\" href=\"https:\/\/www.instagram.com\/reel\/CoOMSZ_gVof\/?utm_source=ig_embed&amp;utm_campaign=loading\" target=\"_blank\" rel=\"noopener\">Una publicaci\u00f3n compartida por Central de Noticias Olavarr\u00eda (@cdnolavarria)<\/a><\/p>\n<\/div>\n<\/blockquote>\n<p><script async src=\"\/\/www.instagram.com\/embed.js\"><\/script><\/p>\n<p>&nbsp;<\/p>\n<p>Un punto de consulta al precandidato fue el debate por la <strong>coparticipaci\u00f3n provincial<\/strong> que impulsan los dirigentes del Pro. Santilli consider\u00f3 que la gesti\u00f3n bonaerense debe <strong>\u201ctransparentar los recursos a los municipios\u201d<\/strong> y <strong>\u201cfortalecer las autonom\u00edas municipales\u201d<\/strong>.<\/p>\n<p>&nbsp;<\/p>\n<p>\u201c\u00bfA vos te parece que para una escuela de Olavarr\u00eda la infraestructura la que tenga que hacer el Ministro de Educaci\u00f3n de la Provincia en La Plata o la puede hacer el Intendente? Yo creo que hay que <strong>transferirle los recursos a los Intendentes<\/strong> para que lleguen r\u00e1pido a resolver los problemas de las escuelas\u201d dijo para definir que \u201ceso es m\u00e1s autonom\u00eda y es m\u00e1s descentralizaci\u00f3n\u201d.<\/p>\n<p>&nbsp;<\/p>\n<blockquote><p>Asimismo, afirm\u00f3 que \u201choy el gobernador recibe mucha plata discrecionalmente. Queremos que llegue a los municipios pero no discrecionalmente, que sea coparticipado\u201d. M\u00e1s adelante tambi\u00e9n reiter\u00f3 el planteo por los resultados del Censo, algo que ya hab\u00edan subrayado los dirigentes en el encuentro del mediod\u00eda.<\/p><\/blockquote>\n<p>&nbsp;<\/p>\n<p><img data-recalc-dims=\"1\" loading=\"lazy\" decoding=\"async\" class=\"size-large wp-image-76172 aligncenter\" src=\"https:\/\/i0.wp.com\/cdnoticias.com\/wp-content\/uploads\/2023\/02\/santilli-repub4.jpg?resize=800%2C445&#038;ssl=1\" alt=\"\" width=\"800\" height=\"445\" srcset=\"https:\/\/i0.wp.com\/cdnoticias.com\/wp-content\/uploads\/2023\/02\/santilli-repub4-scaled.jpg?resize=1024%2C570&amp;ssl=1 1024w, https:\/\/i0.wp.com\/cdnoticias.com\/wp-content\/uploads\/2023\/02\/santilli-repub4-scaled.jpg?resize=300%2C167&amp;ssl=1 300w, https:\/\/i0.wp.com\/cdnoticias.com\/wp-content\/uploads\/2023\/02\/santilli-repub4-scaled.jpg?resize=768%2C427&amp;ssl=1 768w, https:\/\/i0.wp.com\/cdnoticias.com\/wp-content\/uploads\/2023\/02\/santilli-repub4-scaled.jpg?resize=1536%2C855&amp;ssl=1 1536w, https:\/\/i0.wp.com\/cdnoticias.com\/wp-content\/uploads\/2023\/02\/santilli-repub4-scaled.jpg?resize=2048%2C1140&amp;ssl=1 2048w, https:\/\/i0.wp.com\/cdnoticias.com\/wp-content\/uploads\/2023\/02\/santilli-repub4-scaled.jpg?resize=800%2C445&amp;ssl=1 800w, https:\/\/i0.wp.com\/cdnoticias.com\/wp-content\/uploads\/2023\/02\/santilli-repub4-scaled.jpg?w=1600&amp;ssl=1 1600w, https:\/\/i0.wp.com\/cdnoticias.com\/wp-content\/uploads\/2023\/02\/santilli-repub4-scaled.jpg?w=2400&amp;ssl=1 2400w\" sizes=\"auto, (max-width: 800px) 100vw, 800px\" \/><\/p>\n<p>&nbsp;<\/p>\n<p>Diego Santilli plante\u00f3 la necesidad <strong>mejora en infraestructura en la provincia<\/strong> y cit\u00f3 que tras la visita a la f\u00e1brica cementera se destac\u00f3 que <strong>\u201ca Olavarr\u00eda le faltan 9 kil\u00f3metros de autov\u00eda de la ruta 51<\/strong> necesarios para sacar el 50% de la producci\u00f3n de cemento del pa\u00eds\u201d. Con ello adelant\u00f3:<strong> \u201cme compromet\u00ed a llevarla adelante si me toca ser gobernador\u201d<\/strong>.<\/p>\n<p>&nbsp;<\/p>\n<p><span style=\"text-decoration: underline;\"><strong>Mesa Pro y m\u00e1s cr\u00edticas a la gesti\u00f3n de Kicillof<\/strong><\/span><\/p>\n<p>&nbsp;<\/p>\n<p>Santilli indic\u00f3 que en la reuni\u00f3n de la Mesa Pro, la charla gir\u00f3 centralmente en aspectos que hacen a la gesti\u00f3n de los municipios y de la provincia de Buenos Aires.<\/p>\n<p>&nbsp;<\/p>\n<blockquote><p>\u201cLo primero que charlamos fue sobre estas tem\u00e1ticas, sobre la gesti\u00f3n propiamente dicha que hoy se caracteriza por ser una gesti\u00f3n invisible la del gobernador. No est\u00e1, no tiene gesti\u00f3n. Tenemos serios problemas de educaci\u00f3n, en la generaci\u00f3n de trabajo -la informalidad abunda en la provincia de Buenos Aires-; tenemos agravados todos los problemas de seguridad, y ni que hablar de la log\u00edstica y la infraestructura que no aparecen en la provincia ni siquiera con atisbos\u201d describi\u00f3.<\/p><\/blockquote>\n<p>&nbsp;<\/p>\n<p><img data-recalc-dims=\"1\" loading=\"lazy\" decoding=\"async\" class=\"size-large wp-image-76171 aligncenter\" src=\"https:\/\/i0.wp.com\/cdnoticias.com\/wp-content\/uploads\/2023\/02\/santilli-repub3.jpg?resize=800%2C445&#038;ssl=1\" alt=\"\" width=\"800\" height=\"445\" srcset=\"https:\/\/i0.wp.com\/cdnoticias.com\/wp-content\/uploads\/2023\/02\/santilli-repub3-scaled.jpg?resize=1024%2C570&amp;ssl=1 1024w, https:\/\/i0.wp.com\/cdnoticias.com\/wp-content\/uploads\/2023\/02\/santilli-repub3-scaled.jpg?resize=300%2C167&amp;ssl=1 300w, https:\/\/i0.wp.com\/cdnoticias.com\/wp-content\/uploads\/2023\/02\/santilli-repub3-scaled.jpg?resize=768%2C427&amp;ssl=1 768w, https:\/\/i0.wp.com\/cdnoticias.com\/wp-content\/uploads\/2023\/02\/santilli-repub3-scaled.jpg?resize=1536%2C855&amp;ssl=1 1536w, https:\/\/i0.wp.com\/cdnoticias.com\/wp-content\/uploads\/2023\/02\/santilli-repub3-scaled.jpg?resize=2048%2C1140&amp;ssl=1 2048w, https:\/\/i0.wp.com\/cdnoticias.com\/wp-content\/uploads\/2023\/02\/santilli-repub3-scaled.jpg?resize=800%2C445&amp;ssl=1 800w, https:\/\/i0.wp.com\/cdnoticias.com\/wp-content\/uploads\/2023\/02\/santilli-repub3-scaled.jpg?w=1600&amp;ssl=1 1600w, https:\/\/i0.wp.com\/cdnoticias.com\/wp-content\/uploads\/2023\/02\/santilli-repub3-scaled.jpg?w=2400&amp;ssl=1 2400w\" sizes=\"auto, (max-width: 800px) 100vw, 800px\" \/><\/p>\n<p>&nbsp;<\/p>\n<p>M\u00e1s adelante a\u00f1adi\u00f3 que <strong>\u201chablamos de algo muy importante: la unidad para el cambio<\/strong>. Nosotros necesitamos llegar al proceso electoral con una unidad contundente para producir cambios contundentes, que es lo que quiere el bonaerense\u201d. Tras considerar que \u201cfue una muy buena reuni\u00f3n\u201d, aclar\u00f3 <strong>\u201cno hablamos de candidaturas ni personales ni de ning\u00fan otro candidato\u201d<\/strong>.<\/p>\n<p>&nbsp;<\/p>\n<p>Ante la pregunta por la <strong>unidad<\/strong>, el diputado nacional se\u00f1al\u00f3 que <strong>\u201cno est\u00e1 en duda<\/strong>, pero siempre hay como una discusi\u00f3n que subyace al momento de lo electoral\u201d.<\/p>\n<p>&nbsp;<\/p>\n<p><img data-recalc-dims=\"1\" loading=\"lazy\" decoding=\"async\" class=\"size-large wp-image-76169 aligncenter\" src=\"https:\/\/i0.wp.com\/cdnoticias.com\/wp-content\/uploads\/2023\/02\/santilli-repub1.jpg?resize=800%2C445&#038;ssl=1\" alt=\"\" width=\"800\" height=\"445\" srcset=\"https:\/\/i0.wp.com\/cdnoticias.com\/wp-content\/uploads\/2023\/02\/santilli-repub1-scaled.jpg?resize=1024%2C570&amp;ssl=1 1024w, https:\/\/i0.wp.com\/cdnoticias.com\/wp-content\/uploads\/2023\/02\/santilli-repub1-scaled.jpg?resize=300%2C167&amp;ssl=1 300w, https:\/\/i0.wp.com\/cdnoticias.com\/wp-content\/uploads\/2023\/02\/santilli-repub1-scaled.jpg?resize=768%2C427&amp;ssl=1 768w, https:\/\/i0.wp.com\/cdnoticias.com\/wp-content\/uploads\/2023\/02\/santilli-repub1-scaled.jpg?resize=1536%2C855&amp;ssl=1 1536w, https:\/\/i0.wp.com\/cdnoticias.com\/wp-content\/uploads\/2023\/02\/santilli-repub1-scaled.jpg?resize=2048%2C1140&amp;ssl=1 2048w, https:\/\/i0.wp.com\/cdnoticias.com\/wp-content\/uploads\/2023\/02\/santilli-repub1-scaled.jpg?resize=800%2C445&amp;ssl=1 800w, https:\/\/i0.wp.com\/cdnoticias.com\/wp-content\/uploads\/2023\/02\/santilli-repub1-scaled.jpg?w=1600&amp;ssl=1 1600w, https:\/\/i0.wp.com\/cdnoticias.com\/wp-content\/uploads\/2023\/02\/santilli-repub1-scaled.jpg?w=2400&amp;ssl=1 2400w\" sizes=\"auto, (max-width: 800px) 100vw, 800px\" \/><\/p>\n<p>&nbsp;<\/p>\n<blockquote><p>\u201cEn alg\u00fan momento de aqu\u00ed a mayo tenemos que ir acerc\u00e1ndonos. Le estamos dando un dinamismo de presencialidad para empezar a encontrar los puntos de com\u00fan acuerdo en una competencia razonable. Porque va a haber competencia y est\u00e1 bueno que as\u00ed sea\u201d dijo.<\/p><\/blockquote>\n<p>&nbsp;<\/p>\n<p>En el mismo sentido se pronunci\u00f3 Ezequiel Galli: \u201cno se habl\u00f3 de ninguna candidatura. Lo que s\u00ed <strong>destacamos es que cuatro precandidatos a gobernadores estaban sentados a la mesa<\/strong> y cada uno con una postura diferente, pero sabiendo que los temas se debaten ah\u00ed para despu\u00e9s elevarlos a la mesa nacional\u201d.<\/p>\n<p>&nbsp;<\/p>\n<p><img data-recalc-dims=\"1\" loading=\"lazy\" decoding=\"async\" class=\"size-large wp-image-76173 aligncenter\" src=\"https:\/\/i0.wp.com\/cdnoticias.com\/wp-content\/uploads\/2023\/02\/santilli-repub5.jpg?resize=800%2C445&#038;ssl=1\" alt=\"\" width=\"800\" height=\"445\" srcset=\"https:\/\/i0.wp.com\/cdnoticias.com\/wp-content\/uploads\/2023\/02\/santilli-repub5-scaled.jpg?resize=1024%2C570&amp;ssl=1 1024w, https:\/\/i0.wp.com\/cdnoticias.com\/wp-content\/uploads\/2023\/02\/santilli-repub5-scaled.jpg?resize=300%2C167&amp;ssl=1 300w, https:\/\/i0.wp.com\/cdnoticias.com\/wp-content\/uploads\/2023\/02\/santilli-repub5-scaled.jpg?resize=768%2C427&amp;ssl=1 768w, https:\/\/i0.wp.com\/cdnoticias.com\/wp-content\/uploads\/2023\/02\/santilli-repub5-scaled.jpg?resize=1536%2C855&amp;ssl=1 1536w, https:\/\/i0.wp.com\/cdnoticias.com\/wp-content\/uploads\/2023\/02\/santilli-repub5-scaled.jpg?resize=2048%2C1140&amp;ssl=1 2048w, https:\/\/i0.wp.com\/cdnoticias.com\/wp-content\/uploads\/2023\/02\/santilli-repub5-scaled.jpg?resize=800%2C445&amp;ssl=1 800w, https:\/\/i0.wp.com\/cdnoticias.com\/wp-content\/uploads\/2023\/02\/santilli-repub5-scaled.jpg?w=1600&amp;ssl=1 1600w, https:\/\/i0.wp.com\/cdnoticias.com\/wp-content\/uploads\/2023\/02\/santilli-repub5-scaled.jpg?w=2400&amp;ssl=1 2400w\" sizes=\"auto, (max-width: 800px) 100vw, 800px\" \/><\/p>\n<p><img data-recalc-dims=\"1\" loading=\"lazy\" decoding=\"async\" class=\"size-large wp-image-76174 aligncenter\" src=\"https:\/\/i0.wp.com\/cdnoticias.com\/wp-content\/uploads\/2023\/02\/santilli-repub6.jpg?resize=800%2C445&#038;ssl=1\" alt=\"\" width=\"800\" height=\"445\" srcset=\"https:\/\/i0.wp.com\/cdnoticias.com\/wp-content\/uploads\/2023\/02\/santilli-repub6-scaled.jpg?resize=1024%2C570&amp;ssl=1 1024w, https:\/\/i0.wp.com\/cdnoticias.com\/wp-content\/uploads\/2023\/02\/santilli-repub6-scaled.jpg?resize=300%2C167&amp;ssl=1 300w, https:\/\/i0.wp.com\/cdnoticias.com\/wp-content\/uploads\/2023\/02\/santilli-repub6-scaled.jpg?resize=768%2C427&amp;ssl=1 768w, https:\/\/i0.wp.com\/cdnoticias.com\/wp-content\/uploads\/2023\/02\/santilli-repub6-scaled.jpg?resize=1536%2C855&amp;ssl=1 1536w, https:\/\/i0.wp.com\/cdnoticias.com\/wp-content\/uploads\/2023\/02\/santilli-repub6-scaled.jpg?resize=2048%2C1140&amp;ssl=1 2048w, https:\/\/i0.wp.com\/cdnoticias.com\/wp-content\/uploads\/2023\/02\/santilli-repub6-scaled.jpg?resize=800%2C445&amp;ssl=1 800w, https:\/\/i0.wp.com\/cdnoticias.com\/wp-content\/uploads\/2023\/02\/santilli-repub6-scaled.jpg?w=1600&amp;ssl=1 1600w, https:\/\/i0.wp.com\/cdnoticias.com\/wp-content\/uploads\/2023\/02\/santilli-repub6-scaled.jpg?w=2400&amp;ssl=1 2400w\" sizes=\"auto, (max-width: 800px) 100vw, 800px\" \/><\/p>\n<p>&nbsp;<\/p>\n","protected":false},"excerpt":{"rendered":"<p>El precandidato a gobernador del Pro estuvo de recorrida por Olavarr\u00eda con Ezequiel Galli. Se comprometi\u00f3 a construir un tramo<\/p>\n","protected":false},"author":4,"featured_media":0,"comment_status":"closed","ping_status":"closed","sticky":false,"template":"","format":"standard","meta":{"_jetpack_memberships_contains_paid_content":false,"footnotes":""},"categories":[4,1],"tags":[],"class_list":["post-76189","post","type-post","status-publish","format-standard","hentry","category-politica","category-portada"],"jetpack_featured_media_url":"","jetpack_sharing_enabled":true,"_links":{"self":[{"href":"https:\/\/cdnoticias.com\/index.php\/wp-json\/wp\/v2\/posts\/76189","targetHints":{"allow":["GET"]}}],"collection":[{"href":"https:\/\/cdnoticias.com\/index.php\/wp-json\/wp\/v2\/posts"}],"about":[{"href":"https:\/\/cdnoticias.com\/index.php\/wp-json\/wp\/v2\/types\/post"}],"author":[{"embeddable":true,"href":"https:\/\/cdnoticias.com\/index.php\/wp-json\/wp\/v2\/users\/4"}],"replies":[{"embeddable":true,"href":"https:\/\/cdnoticias.com\/index.php\/wp-json\/wp\/v2\/comments?post=76189"}],"version-history":[{"count":0,"href":"https:\/\/cdnoticias.com\/index.php\/wp-json\/wp\/v2\/posts\/76189\/revisions"}],"wp:attachment":[{"href":"https:\/\/cdnoticias.com\/index.php\/wp-json\/wp\/v2\/media?parent=76189"}],"wp:term":[{"taxonomy":"category","embeddable":true,"href":"https:\/\/cdnoticias.com\/index.php\/wp-json\/wp\/v2\/categories?post=76189"},{"taxonomy":"post_tag","embeddable":true,"href":"https:\/\/cdnoticias.com\/index.php\/wp-json\/wp\/v2\/tags?post=76189"}],"curies":[{"name":"wp","href":"https:\/\/api.w.org\/{rel}","templated":true}]}}