{"id":76132,"date":"2023-02-03T16:34:15","date_gmt":"2023-02-03T19:34:15","guid":{"rendered":"https:\/\/www.centraldenoticias.com.ar\/?p=76132"},"modified":"2023-02-03T17:39:09","modified_gmt":"2023-02-03T20:39:09","slug":"loma-negra-entrega-de-agua-mineral-para-unas-70-familias","status":"publish","type":"post","link":"https:\/\/cdnoticias.com\/index.php\/2023\/02\/03\/loma-negra-entrega-de-agua-mineral-para-unas-70-familias\/","title":{"rendered":"Loma Negra: entrega de agua mineral para unas 70 familias"},"content":{"rendered":"<p>Desarrollo Social del Municipio asiste a los vecinos tras los casos de gastroenteritis por consumo de agua no apta. Relevamiento con la Delegaci\u00f3n.<\/p>\n<p><!--more--><\/p>\n<hr \/>\n<p>Desde la <strong>Subsecretar\u00eda de Desarrollo Social <\/strong>de la Municipalidad de Olavarr\u00eda se inform\u00f3 que durante las \u00faltimas horas <strong>se han desplegado diversas labores de asistencia y acompa\u00f1amiento a vecinos y vecinas de Loma Negra<\/strong>, a partir de los casos de Gastroenteritis y Diarrea aguda en decenas en habitantes de esa localidad.<\/p>\n<p>&nbsp;<\/p>\n<p>Tal como dio a conocer el Municipio este jueves, personal de la Direcci\u00f3n de Bromatolog\u00eda Municipal determin\u00f3 que <a href=\"https:\/\/cdnoticias.com\/index.php\/2023\/02\/02\/bromatologia-determino-que-el-agua-de-loma-negra-no-es-apta-para-el-consumo\/\" target=\"_blank\" rel=\"noopener\">el agua de red de Loma Negra no es apta para su consumo<\/a>. Se hizo hincapi\u00e9 en que<strong> \u201cderiv\u00f3 en la presencia de s\u00edntomas tales como malestar o dolor estomacal, n\u00e1useas, v\u00f3mitos y diarreas\u201d<\/strong>.<\/p>\n<p>&nbsp;<\/p>\n<p>En lo que hace a la atenci\u00f3n sanitaria, se expuso que \u201cjunto a la Delegaci\u00f3n Municipal de esa localidad, el equipo de Desarrollo Social<strong> realiz\u00f3 un nuevo relevamiento para asistir a las familias que lo requieran\u201d.<\/strong><\/p>\n<p>&nbsp;<\/p>\n<blockquote><p>\u00a0En ese sentido, se expres\u00f3 que \u201cla asistencia ser\u00e1 para unas 70 familias, con entrega de agua mineral hasta tanto se normalice la situaci\u00f3n en cuanto al suministro de agua potable por red\u201d.<\/p><\/blockquote>\n<p>&nbsp;<\/p>\n","protected":false},"excerpt":{"rendered":"<p>Desarrollo Social del Municipio asiste a los vecinos tras los casos de gastroenteritis por consumo de agua no apta. Relevamiento<\/p>\n","protected":false},"author":4,"featured_media":19483,"comment_status":"closed","ping_status":"closed","sticky":false,"template":"","format":"standard","meta":{"_jetpack_memberships_contains_paid_content":false,"footnotes":""},"categories":[5,1],"tags":[],"class_list":["post-76132","post","type-post","status-publish","format-standard","has-post-thumbnail","hentry","category-informacion-general","category-portada"],"jetpack_featured_media_url":"https:\/\/i0.wp.com\/cdnoticias.com\/wp-content\/uploads\/2021\/04\/Loma-Negra-Vista-1-1024x682.jpg?fit=1024%2C682&ssl=1","jetpack_sharing_enabled":true,"_links":{"self":[{"href":"https:\/\/cdnoticias.com\/index.php\/wp-json\/wp\/v2\/posts\/76132","targetHints":{"allow":["GET"]}}],"collection":[{"href":"https:\/\/cdnoticias.com\/index.php\/wp-json\/wp\/v2\/posts"}],"about":[{"href":"https:\/\/cdnoticias.com\/index.php\/wp-json\/wp\/v2\/types\/post"}],"author":[{"embeddable":true,"href":"https:\/\/cdnoticias.com\/index.php\/wp-json\/wp\/v2\/users\/4"}],"replies":[{"embeddable":true,"href":"https:\/\/cdnoticias.com\/index.php\/wp-json\/wp\/v2\/comments?post=76132"}],"version-history":[{"count":0,"href":"https:\/\/cdnoticias.com\/index.php\/wp-json\/wp\/v2\/posts\/76132\/revisions"}],"wp:featuredmedia":[{"embeddable":true,"href":"https:\/\/cdnoticias.com\/index.php\/wp-json\/wp\/v2\/media\/19483"}],"wp:attachment":[{"href":"https:\/\/cdnoticias.com\/index.php\/wp-json\/wp\/v2\/media?parent=76132"}],"wp:term":[{"taxonomy":"category","embeddable":true,"href":"https:\/\/cdnoticias.com\/index.php\/wp-json\/wp\/v2\/categories?post=76132"},{"taxonomy":"post_tag","embeddable":true,"href":"https:\/\/cdnoticias.com\/index.php\/wp-json\/wp\/v2\/tags?post=76132"}],"curies":[{"name":"wp","href":"https:\/\/api.w.org\/{rel}","templated":true}]}}