{"id":7613,"date":"2020-11-27T12:57:38","date_gmt":"2020-11-27T15:57:38","guid":{"rendered":"http:\/\/www.centraldenoticias.com.ar\/?p=7613"},"modified":"2020-11-27T16:30:54","modified_gmt":"2020-11-27T19:30:54","slug":"desde-el-martes-una-semana-de-debate-para-la-ley-ive-en-diputados","status":"publish","type":"post","link":"https:\/\/cdnoticias.com\/index.php\/2020\/11\/27\/desde-el-martes-una-semana-de-debate-para-la-ley-ive-en-diputados\/","title":{"rendered":"Desde el martes, una semana de debate para la Ley IVE en Diputados"},"content":{"rendered":"<p>Lo acordaron los presidentes de las cuatro comisiones en las que se analizar\u00e1. En la segunda semana de diciembre estar\u00e1 listo para la votaci\u00f3n en el recinto.<!--more--><\/p>\n<hr \/>\n<p><strong>La Interrupci\u00f3n Voluntaria del Embarazo (IVE) tendr\u00e1 r\u00e1pido tratamiento en la C\u00e1mara de Diputados de la Naci\u00f3n: junto con el proyecto de \u201cProtecci\u00f3n de los 1000 d\u00edas\u201d estar\u00e1n listos para la votaci\u00f3n en el recinto en la segunda semana de diciembre<\/strong>.<\/p>\n<blockquote><p>El debate comenzar\u00e1 el martes. As\u00ed lo acordaron en las \u00faltimas horas los presidentes y vices de las cuatro comisiones en las que se analizar\u00e1n las iniciativas: Legislaci\u00f3n general, Legislaci\u00f3n penal, Mujeres y Diversidad, y Acci\u00f3n Social y Salud P\u00fablica.<\/p><\/blockquote>\n<p>Seg\u00fan se comunic\u00f3 oficialmente desde la C\u00e1mara, <strong>las definiciones alcanzaron \u201ctanto a fechas y tiempos como a cantidad de expositores\u201d<\/strong>, adem\u00e1s de que se hizo hincapi\u00e9 en que las comisiones \u201cest\u00e1n conformadas por diputados y diputadas del oficialismo y oposici\u00f3n, donde se encuentran representadas las diferentes posturas\u201d.<\/p>\n<p>&nbsp;<\/p>\n<p dir=\"ltr\" lang=\"es\">LA C\u00c1MARA DE DIPUTADOS INFORMA:<br \/>\nEl tratamiento de los proyectos de Ley IVE y Protecci\u00f3n de los 1000 d\u00edas fueron acordados por los y las presidentes y vicepresidentes de las Comisiones intervinientes tanto en fechas y tiempos como en cantidad de expositores.<a href=\"https:\/\/twitter.com\/hashtag\/UniendoVoces?src=hash&amp;ref_src=twsrc%5Etfw\">#UniendoVoces<\/a>\ud83c\udde6\ud83c\uddf7 <a href=\"https:\/\/t.co\/G0P59qWU7Y\">pic.twitter.com\/G0P59qWU7Y<\/a><\/p>\n<blockquote class=\"twitter-tweet\"><p>\u2014 Diputados Argentina (@DiputadosAR) <a href=\"https:\/\/twitter.com\/DiputadosAR\/status\/1332323309120344071?ref_src=twsrc%5Etfw\">November 27, 2020<\/a><\/p><\/blockquote>\n<p><script async src=\"https:\/\/platform.twitter.com\/widgets.js\" charset=\"utf-8\"><\/script><\/p>\n<p>&nbsp;<\/p>\n<blockquote><p>\u201cComenzar\u00e1 un debate muy importante y sensible para la sociedad, que debe contar con la m\u00e1xima responsabilidad, sin lugar para distorsiones, interpretaciones parciales ni confusiones de ning\u00fan tipo, que originen un bloqueo de las deliberaciones\u201d se advirti\u00f3 de la C\u00e1mara de Diputados al anunciar la programaci\u00f3n de los debates.<\/p><\/blockquote>\n<p><strong>Cronograma<\/strong><\/p>\n<p>Los <strong>plenarios informativos de todas las comisiones<\/strong> en forma conjunta se realizar\u00e1n el <strong>martes y el mi\u00e9rcoles de la semana pr\u00f3xima de 10 a 13 y de 14 a 19<\/strong> de manera virtual.<\/p>\n<p>Los diputados miembros podr\u00e1n invitar<strong> distintos expositores<\/strong>. En ese sentido,<strong> se fij\u00f3 como l\u00edmite 50 personas<\/strong>: \u201c25 a favor y 25 en contra (\u2026) que podr\u00e1n ser especialistas en la tem\u00e1tica o representantes de organizaciones interesadas en expresar su opini\u00f3n\u201d.<\/p>\n<p>En tanto, <strong>las reuniones de debate de los diputados para dictar los despachos de las comisiones ser\u00e1n el jueves y el viernes de la semana pr\u00f3xima<\/strong>. All\u00ed solo asistir\u00e1n los legisladores, aunque se habilitar\u00e1 la transmisi\u00f3n online y en vivo por distintos medios oficiales.<\/p>\n<p>De esta manera, <strong>la semana pr\u00f3xima cerrar\u00e1 con los despachos de las cuatro comisiones<\/strong> y los proyectos -IVE y Protecci\u00f3n de los 1000 d\u00edas- quedar\u00e1n habilitados para su tratamiento en una sesi\u00f3n.<\/p>\n<p>Se espera que se fije para la segunda semana de diciembre, lo que <strong>coincidir\u00e1 con el aniversario del primer a\u00f1o desde la asunci\u00f3n de las nuevas autoridades nacionales<\/strong>, entre ellos Alberto Fern\u00e1ndez en la presidencia y Sergio Massa al frente de la C\u00e1mara de Diputados.<\/p>\n","protected":false},"excerpt":{"rendered":"<p>Lo acordaron los presidentes de las cuatro comisiones en las que se analizar\u00e1. En la segunda semana de diciembre estar\u00e1<\/p>\n","protected":false},"author":4,"featured_media":7615,"comment_status":"closed","ping_status":"closed","sticky":false,"template":"","format":"standard","meta":{"_jetpack_memberships_contains_paid_content":false,"footnotes":""},"categories":[3,1],"tags":[],"class_list":["post-7613","post","type-post","status-publish","format-standard","has-post-thumbnail","hentry","category-genero","category-portada"],"jetpack_featured_media_url":"https:\/\/i0.wp.com\/cdnoticias.com\/wp-content\/uploads\/2020\/11\/diputados-IVE-aborto.jpg?fit=680%2C379&ssl=1","jetpack_sharing_enabled":true,"_links":{"self":[{"href":"https:\/\/cdnoticias.com\/index.php\/wp-json\/wp\/v2\/posts\/7613","targetHints":{"allow":["GET"]}}],"collection":[{"href":"https:\/\/cdnoticias.com\/index.php\/wp-json\/wp\/v2\/posts"}],"about":[{"href":"https:\/\/cdnoticias.com\/index.php\/wp-json\/wp\/v2\/types\/post"}],"author":[{"embeddable":true,"href":"https:\/\/cdnoticias.com\/index.php\/wp-json\/wp\/v2\/users\/4"}],"replies":[{"embeddable":true,"href":"https:\/\/cdnoticias.com\/index.php\/wp-json\/wp\/v2\/comments?post=7613"}],"version-history":[{"count":0,"href":"https:\/\/cdnoticias.com\/index.php\/wp-json\/wp\/v2\/posts\/7613\/revisions"}],"wp:featuredmedia":[{"embeddable":true,"href":"https:\/\/cdnoticias.com\/index.php\/wp-json\/wp\/v2\/media\/7615"}],"wp:attachment":[{"href":"https:\/\/cdnoticias.com\/index.php\/wp-json\/wp\/v2\/media?parent=7613"}],"wp:term":[{"taxonomy":"category","embeddable":true,"href":"https:\/\/cdnoticias.com\/index.php\/wp-json\/wp\/v2\/categories?post=7613"},{"taxonomy":"post_tag","embeddable":true,"href":"https:\/\/cdnoticias.com\/index.php\/wp-json\/wp\/v2\/tags?post=7613"}],"curies":[{"name":"wp","href":"https:\/\/api.w.org\/{rel}","templated":true}]}}