{"id":76129,"date":"2023-02-03T13:22:57","date_gmt":"2023-02-03T16:22:57","guid":{"rendered":"https:\/\/www.centraldenoticias.com.ar\/?p=76129"},"modified":"2023-02-03T16:34:37","modified_gmt":"2023-02-03T19:34:37","slug":"comenzo-la-cumbre-del-pro-en-sierras-bayas","status":"publish","type":"post","link":"https:\/\/cdnoticias.com\/index.php\/2023\/02\/03\/comenzo-la-cumbre-del-pro-en-sierras-bayas\/","title":{"rendered":"Comenz\u00f3 la cumbre del PRO en Sierras Bayas"},"content":{"rendered":"<p>La Mesa Provincial se re\u00fane desde este mediod\u00eda en el complejo Rinc\u00f3n So\u00f1ado. El objetivo es delinear la estrategia de cara a las elecciones de este a\u00f1o.<!--more--><\/p>\n<hr \/>\n<p>Pasados algunos minutos del mediod\u00eda de este viernes, la mayor\u00eda de los participantes de la <strong>mesa bonaerense del PRO<\/strong> ya se encontraban en el complejo Rinc\u00f3n So\u00f1ado, en Sierras Bayas para <a href=\"https:\/\/cdnoticias.com\/index.php\/2023\/02\/03\/la-mesa-provincial-del-pro-se-reune-este-viernes-en-sierras-bayas\/\" target=\"_blank\" rel=\"noopener\">la primera cumbre del a\u00f1o del sector<\/a>.<\/p>\n<p>&nbsp;<\/p>\n<p><strong>Ezequiel Galli<\/strong> recibi\u00f3 a <strong>unos 20 dirigentes del espacio<\/strong> entre quienes se cuentan autoridades partidarias bonaerenses e intendentes.<\/p>\n<p>&nbsp;<\/p>\n<p><img data-recalc-dims=\"1\" loading=\"lazy\" decoding=\"async\" class=\"size-large wp-image-76124 aligncenter\" src=\"https:\/\/i0.wp.com\/cdnoticias.com\/wp-content\/uploads\/2023\/02\/reunion-PRO-05.jpg?resize=800%2C445&#038;ssl=1\" alt=\"\" width=\"800\" height=\"445\" srcset=\"https:\/\/i0.wp.com\/cdnoticias.com\/wp-content\/uploads\/2023\/02\/reunion-PRO-05.jpg?resize=1024%2C570&amp;ssl=1 1024w, https:\/\/i0.wp.com\/cdnoticias.com\/wp-content\/uploads\/2023\/02\/reunion-PRO-05.jpg?resize=300%2C167&amp;ssl=1 300w, https:\/\/i0.wp.com\/cdnoticias.com\/wp-content\/uploads\/2023\/02\/reunion-PRO-05.jpg?resize=768%2C427&amp;ssl=1 768w, https:\/\/i0.wp.com\/cdnoticias.com\/wp-content\/uploads\/2023\/02\/reunion-PRO-05.jpg?resize=800%2C445&amp;ssl=1 800w, https:\/\/i0.wp.com\/cdnoticias.com\/wp-content\/uploads\/2023\/02\/reunion-PRO-05.jpg?w=1294&amp;ssl=1 1294w\" sizes=\"auto, (max-width: 800px) 100vw, 800px\" \/><\/p>\n<p><img data-recalc-dims=\"1\" loading=\"lazy\" decoding=\"async\" class=\"size-large wp-image-76126 aligncenter\" src=\"https:\/\/i0.wp.com\/cdnoticias.com\/wp-content\/uploads\/2023\/02\/reunion-PRO-Valenzuela-03.jpg?resize=800%2C445&#038;ssl=1\" alt=\"\" width=\"800\" height=\"445\" srcset=\"https:\/\/i0.wp.com\/cdnoticias.com\/wp-content\/uploads\/2023\/02\/reunion-PRO-Valenzuela-03.jpg?resize=1024%2C570&amp;ssl=1 1024w, https:\/\/i0.wp.com\/cdnoticias.com\/wp-content\/uploads\/2023\/02\/reunion-PRO-Valenzuela-03.jpg?resize=300%2C167&amp;ssl=1 300w, https:\/\/i0.wp.com\/cdnoticias.com\/wp-content\/uploads\/2023\/02\/reunion-PRO-Valenzuela-03.jpg?resize=768%2C427&amp;ssl=1 768w, https:\/\/i0.wp.com\/cdnoticias.com\/wp-content\/uploads\/2023\/02\/reunion-PRO-Valenzuela-03.jpg?resize=800%2C445&amp;ssl=1 800w, https:\/\/i0.wp.com\/cdnoticias.com\/wp-content\/uploads\/2023\/02\/reunion-PRO-Valenzuela-03.jpg?w=1294&amp;ssl=1 1294w\" sizes=\"auto, (max-width: 800px) 100vw, 800px\" \/><\/p>\n<p>&nbsp;<\/p>\n<p>El objetivo de esta reuni\u00f3n es <strong>debatir algunos acuerdos clave para transitar el 2023<\/strong> con la mayor armon\u00eda posible, como ir sin internas en los distritos donde gobierna el PRO y en algunos estrat\u00e9gicos para el Partido opositor a nivel provincial.<\/p>\n<p>&nbsp;<\/p>\n<p>Seg\u00fan confirm\u00f3 <strong>Central de Noticias<\/strong>, participan del encuentro <em>Jorge Macri, Cristian Ritondo, N\u00e9stor Grindetti, Alex Campbell, Adri\u00e1n Urreli, Julio Garro, Pablo Petreca, Javier Mart\u00ednez, H\u00e9ctor Gay, Guillermo Montenegro, Christian Gribaudo, Alejandro Ravinovich, Diego Valenzuela, Martiniano Molina, Javier Iguacel, Ramiro Tagliaferro, Diego Santilli<\/em>.<\/p>\n<p><img data-recalc-dims=\"1\" loading=\"lazy\" decoding=\"async\" class=\"size-large wp-image-76127 aligncenter\" src=\"https:\/\/i0.wp.com\/cdnoticias.com\/wp-content\/uploads\/2023\/02\/reunion-PRO-02.jpg?resize=800%2C445&#038;ssl=1\" alt=\"\" width=\"800\" height=\"445\" srcset=\"https:\/\/i0.wp.com\/cdnoticias.com\/wp-content\/uploads\/2023\/02\/reunion-PRO-02.jpg?resize=1024%2C570&amp;ssl=1 1024w, https:\/\/i0.wp.com\/cdnoticias.com\/wp-content\/uploads\/2023\/02\/reunion-PRO-02.jpg?resize=300%2C167&amp;ssl=1 300w, https:\/\/i0.wp.com\/cdnoticias.com\/wp-content\/uploads\/2023\/02\/reunion-PRO-02.jpg?resize=768%2C427&amp;ssl=1 768w, https:\/\/i0.wp.com\/cdnoticias.com\/wp-content\/uploads\/2023\/02\/reunion-PRO-02.jpg?resize=800%2C445&amp;ssl=1 800w, https:\/\/i0.wp.com\/cdnoticias.com\/wp-content\/uploads\/2023\/02\/reunion-PRO-02.jpg?w=1294&amp;ssl=1 1294w\" sizes=\"auto, (max-width: 800px) 100vw, 800px\" \/><\/p>\n<p><img data-recalc-dims=\"1\" loading=\"lazy\" decoding=\"async\" class=\"size-large wp-image-76128 aligncenter\" src=\"https:\/\/i0.wp.com\/cdnoticias.com\/wp-content\/uploads\/2023\/02\/reunion-PRO-01.jpg?resize=800%2C445&#038;ssl=1\" alt=\"\" width=\"800\" height=\"445\" srcset=\"https:\/\/i0.wp.com\/cdnoticias.com\/wp-content\/uploads\/2023\/02\/reunion-PRO-01.jpg?resize=1024%2C570&amp;ssl=1 1024w, https:\/\/i0.wp.com\/cdnoticias.com\/wp-content\/uploads\/2023\/02\/reunion-PRO-01.jpg?resize=300%2C167&amp;ssl=1 300w, https:\/\/i0.wp.com\/cdnoticias.com\/wp-content\/uploads\/2023\/02\/reunion-PRO-01.jpg?resize=768%2C427&amp;ssl=1 768w, https:\/\/i0.wp.com\/cdnoticias.com\/wp-content\/uploads\/2023\/02\/reunion-PRO-01.jpg?resize=800%2C445&amp;ssl=1 800w, https:\/\/i0.wp.com\/cdnoticias.com\/wp-content\/uploads\/2023\/02\/reunion-PRO-01.jpg?w=1294&amp;ssl=1 1294w\" sizes=\"auto, (max-width: 800px) 100vw, 800px\" \/><\/p>\n<p>&nbsp;<\/p>\n","protected":false},"excerpt":{"rendered":"<p>La Mesa Provincial se re\u00fane desde este mediod\u00eda en el complejo Rinc\u00f3n So\u00f1ado. El objetivo es delinear la estrategia de<\/p>\n","protected":false},"author":4,"featured_media":76125,"comment_status":"closed","ping_status":"closed","sticky":false,"template":"","format":"standard","meta":{"_jetpack_memberships_contains_paid_content":false,"footnotes":""},"categories":[4,1],"tags":[],"class_list":["post-76129","post","type-post","status-publish","format-standard","has-post-thumbnail","hentry","category-politica","category-portada"],"jetpack_featured_media_url":"https:\/\/i0.wp.com\/cdnoticias.com\/wp-content\/uploads\/2023\/02\/reunion-PRO-Tagliaferro-Molina-04.jpg?fit=1294%2C720&ssl=1","jetpack_sharing_enabled":true,"_links":{"self":[{"href":"https:\/\/cdnoticias.com\/index.php\/wp-json\/wp\/v2\/posts\/76129","targetHints":{"allow":["GET"]}}],"collection":[{"href":"https:\/\/cdnoticias.com\/index.php\/wp-json\/wp\/v2\/posts"}],"about":[{"href":"https:\/\/cdnoticias.com\/index.php\/wp-json\/wp\/v2\/types\/post"}],"author":[{"embeddable":true,"href":"https:\/\/cdnoticias.com\/index.php\/wp-json\/wp\/v2\/users\/4"}],"replies":[{"embeddable":true,"href":"https:\/\/cdnoticias.com\/index.php\/wp-json\/wp\/v2\/comments?post=76129"}],"version-history":[{"count":0,"href":"https:\/\/cdnoticias.com\/index.php\/wp-json\/wp\/v2\/posts\/76129\/revisions"}],"wp:featuredmedia":[{"embeddable":true,"href":"https:\/\/cdnoticias.com\/index.php\/wp-json\/wp\/v2\/media\/76125"}],"wp:attachment":[{"href":"https:\/\/cdnoticias.com\/index.php\/wp-json\/wp\/v2\/media?parent=76129"}],"wp:term":[{"taxonomy":"category","embeddable":true,"href":"https:\/\/cdnoticias.com\/index.php\/wp-json\/wp\/v2\/categories?post=76129"},{"taxonomy":"post_tag","embeddable":true,"href":"https:\/\/cdnoticias.com\/index.php\/wp-json\/wp\/v2\/tags?post=76129"}],"curies":[{"name":"wp","href":"https:\/\/api.w.org\/{rel}","templated":true}]}}