{"id":76118,"date":"2023-02-05T09:28:15","date_gmt":"2023-02-05T12:28:15","guid":{"rendered":"https:\/\/www.centraldenoticias.com.ar\/?p=76118"},"modified":"2023-02-05T12:20:28","modified_gmt":"2023-02-05T15:20:28","slug":"censo-2022-un-estudio-revelo-que-la-provincia-deberia-sumar-42-diputados","status":"publish","type":"post","link":"https:\/\/cdnoticias.com\/index.php\/2023\/02\/05\/censo-2022-un-estudio-revelo-que-la-provincia-deberia-sumar-42-diputados\/","title":{"rendered":"Censo 2022: un estudio revel\u00f3 que la Provincia deber\u00eda sumar 42 diputados"},"content":{"rendered":"<p>El informe afirma que el distrito bonaerense es uno de los m\u00e1s perjudicados y que la Ciudad Aut\u00f3noma de Buenos Aires es una jurisdicci\u00f3n \u201csobrerrepresentada\u201d en el Congreso.<!--more--><\/p>\n<hr \/>\n<p>La provincia de Buenos Aires deber\u00eda tener mayor representaci\u00f3n legislativa y <strong>sumar 42 diputados en el Congreso nacional<\/strong>, por sobre los 70 que tiene en la actualidad, seg\u00fan se desprende de un informe realizado por una organizaci\u00f3n no gubernamental que tuvo en cuenta los datos poblacionales del Censo 2022.<\/p>\n<p>&nbsp;<\/p>\n<p>En rigor, el <strong>Centro de Investigaci\u00f3n para la Calidad Democr\u00e1tica (CICaD)<\/strong> difundi\u00f3 un informe con la actualizaci\u00f3n de la cantidad de bancas que deber\u00eda tener cada provincia en la C\u00e1mara de Diputados de la Naci\u00f3n seg\u00fan los datos poblacionales del Censo 2022, y concluy\u00f3 que Buenos Aires es la \u201cactual perjudicada\u201d con 42 legisladores menos de lo que le corresponder\u00eda.<\/p>\n<p>&nbsp;<\/p>\n<p>El an\u00e1lisis arroj\u00f3 que el distrito bonaerense, que re\u00fane al padr\u00f3n electoral m\u00e1s grande del pa\u00eds, <strong>deber\u00eda tener un 31,25% de las bancas que corresponden a la C\u00e1mara Baja en lugar de las 27,24% que posee en la actualidad.<\/strong><\/p>\n<p>&nbsp;<\/p>\n<p>El informe tuvo en cuenta que Buenos Aires tuvo una variaci\u00f3n intercensal entre 2010 y 2022 de 12%, al pasar de 15.625.084 habitantes a 17.569.053.<\/p>\n<p>&nbsp;<\/p>\n<p>El trabajo determin\u00f3 tambi\u00e9n que <strong>C\u00f3rdoba y Santa Fe deber\u00edan pasar en cantidad de representantes a la Ciudad de Buenos Aires,<\/strong> que de acuerdo con el informe <strong>se encuentra \u201csobrerrepresentada\u201d<\/strong> en la actual composici\u00f3n.<\/p>\n<p>&nbsp;<\/p>\n<p>En el estudio se advirti\u00f3 que \u201ca pesar de la regularidad\u201d con la que se llevaron adelante los \u00faltimos tres censos y \u201cde la obligaci\u00f3n constitucional de actualizar la asignaci\u00f3n de bancas\u201d, la C\u00e1mara de Diputados \u201cno ha alterado su composici\u00f3n desde el retorno de la democracia en 1983 hasta la fecha\u201d.<\/p>\n<p>&nbsp;<\/p>\n<p>Adem\u00e1s, en el relevamiento se record\u00f3 que el decreto ley 22.847, firmado por el dictador Reynaldo Bignone en julio de 1983 para fijar las elecciones en el 30 de octubre de ese a\u00f1o, estableci\u00f3 el criterio de repartir una banca a cada distrito por cada 161.000 habitantes o fracci\u00f3n mayor a 80.500.<\/p>\n<p>&nbsp;<\/p>\n<p>Y agreg\u00f3 3 bancas extras a cada provincia con un piso m\u00ednimo de 5 para cada una.<\/p>\n<p>&nbsp;<\/p>\n<p><img data-recalc-dims=\"1\" loading=\"lazy\" decoding=\"async\" class=\"aligncenter size-full wp-image-76119\" src=\"https:\/\/i0.wp.com\/cdnoticias.com\/wp-content\/uploads\/2023\/02\/provincias.jpg?resize=800%2C445&#038;ssl=1\" alt=\"\" width=\"800\" height=\"445\" srcset=\"https:\/\/i0.wp.com\/cdnoticias.com\/wp-content\/uploads\/2023\/02\/provincias.jpg?w=1227&amp;ssl=1 1227w, https:\/\/i0.wp.com\/cdnoticias.com\/wp-content\/uploads\/2023\/02\/provincias.jpg?resize=300%2C167&amp;ssl=1 300w, https:\/\/i0.wp.com\/cdnoticias.com\/wp-content\/uploads\/2023\/02\/provincias.jpg?resize=1024%2C570&amp;ssl=1 1024w, https:\/\/i0.wp.com\/cdnoticias.com\/wp-content\/uploads\/2023\/02\/provincias.jpg?resize=768%2C428&amp;ssl=1 768w, https:\/\/i0.wp.com\/cdnoticias.com\/wp-content\/uploads\/2023\/02\/provincias.jpg?resize=800%2C445&amp;ssl=1 800w\" sizes=\"auto, (max-width: 800px) 100vw, 800px\" \/><\/p>\n<p>&nbsp;<\/p>\n<p><strong>Los datos del Censo<\/strong><\/p>\n<p>&nbsp;<\/p>\n<p>Con los <strong>datos del Censo<\/strong> que public\u00f3 el Indec la \u00faltima semana, se supo que la poblaci\u00f3n argentina es de 46.044.703 personas, en lugar de los 40.117.096 habitantes del 2010.<\/p>\n<p>&nbsp;<\/p>\n<p>De esa manera, el informe de CICaD determin\u00f3 que <strong>\u201cen t\u00e9rminos generales la C\u00e1mara de Diputados es m\u00e1s chica de lo que deber\u00eda ser en virtud de la cantidad de bancas que le corresponden a cada provincia\u201d.<\/strong><\/p>\n<p>&nbsp;<\/p>\n<blockquote><p>El documento explic\u00f3, entonces, que el recinto de diputados \u201ctendr\u00eda que pasar de 257 bancas actuales a 359\u201d.<\/p><\/blockquote>\n<p>&nbsp;<\/p>\n<p>\u201cEn el detalle de esa distribuci\u00f3n, la provincia m\u00e1s beneficiada con la reforma (de Bignone en 1983) y actual perjudicada es la de Buenos Aires: tiene 42 bancas menos que las que deber\u00eda tener de acuerdo a los datos censales\u201d, ponder\u00f3 el texto.<\/p>\n<p>&nbsp;<\/p>\n<p>En tanto, se asegur\u00f3 que \u201ccontin\u00faa la tendencia iniciada a fines de la d\u00e9cada del \u201990\u2032\u201d que indica que las provincias de C\u00f3rdoba y Santa Fe \u201chan desplazado a la capital nacional del podio de distritos m\u00e1s poblados del pa\u00eds\u201d.<\/p>\n<p>&nbsp;<\/p>\n<p>En esa l\u00ednea, el monitoreo de la ONG alert\u00f3 que<strong> la Ciudad de Buenos Aires \u201ces la \u00fanica provincia que est\u00e1 sobrerrepresentada\u201d,<\/strong> ya que, seg\u00fan se explic\u00f3, en funci\u00f3n de su poblaci\u00f3n \u201cdeber\u00eda tener 3 bancas menos que las actuales\u201d.<\/p>\n<p>&nbsp;<\/p>\n<p>Finalmente, se explic\u00f3 que, si se aplicara la ley vigente, \u201cla provincia de Buenos Aires subir\u00eda 4 puntos en el peso interno del recinto\u201d, de 27.24% a 31.25%.<\/p>\n<p>&nbsp;<\/p>\n<p>Y se destac\u00f3 que \u201cC\u00f3rdoba pasar\u00eda al segundo lugar con casi el 8% de la c\u00e1mara, seguida por Santa Fe (7% si se redondea) y la capital del pa\u00eds (por la CABA, con 6,24%)\u201d.<\/p>\n<p>&nbsp;<\/p>\n<p><em>Fuente: DIB.<\/em><\/p>\n<p>&nbsp;<\/p>\n","protected":false},"excerpt":{"rendered":"<p>El informe afirma que el distrito bonaerense es uno de los m\u00e1s perjudicados y que la Ciudad Aut\u00f3noma de Buenos<\/p>\n","protected":false},"author":5,"featured_media":21341,"comment_status":"closed","ping_status":"closed","sticky":false,"template":"","format":"standard","meta":{"_jetpack_memberships_contains_paid_content":false,"footnotes":""},"categories":[6,1],"tags":[],"class_list":["post-76118","post","type-post","status-publish","format-standard","has-post-thumbnail","hentry","category-nacionales","category-portada"],"jetpack_featured_media_url":"https:\/\/i0.wp.com\/cdnoticias.com\/wp-content\/uploads\/2021\/05\/Congreso.jpg?fit=1200%2C800&ssl=1","jetpack_sharing_enabled":true,"_links":{"self":[{"href":"https:\/\/cdnoticias.com\/index.php\/wp-json\/wp\/v2\/posts\/76118","targetHints":{"allow":["GET"]}}],"collection":[{"href":"https:\/\/cdnoticias.com\/index.php\/wp-json\/wp\/v2\/posts"}],"about":[{"href":"https:\/\/cdnoticias.com\/index.php\/wp-json\/wp\/v2\/types\/post"}],"author":[{"embeddable":true,"href":"https:\/\/cdnoticias.com\/index.php\/wp-json\/wp\/v2\/users\/5"}],"replies":[{"embeddable":true,"href":"https:\/\/cdnoticias.com\/index.php\/wp-json\/wp\/v2\/comments?post=76118"}],"version-history":[{"count":0,"href":"https:\/\/cdnoticias.com\/index.php\/wp-json\/wp\/v2\/posts\/76118\/revisions"}],"wp:featuredmedia":[{"embeddable":true,"href":"https:\/\/cdnoticias.com\/index.php\/wp-json\/wp\/v2\/media\/21341"}],"wp:attachment":[{"href":"https:\/\/cdnoticias.com\/index.php\/wp-json\/wp\/v2\/media?parent=76118"}],"wp:term":[{"taxonomy":"category","embeddable":true,"href":"https:\/\/cdnoticias.com\/index.php\/wp-json\/wp\/v2\/categories?post=76118"},{"taxonomy":"post_tag","embeddable":true,"href":"https:\/\/cdnoticias.com\/index.php\/wp-json\/wp\/v2\/tags?post=76118"}],"curies":[{"name":"wp","href":"https:\/\/api.w.org\/{rel}","templated":true}]}}