{"id":76084,"date":"2023-02-03T10:08:31","date_gmt":"2023-02-03T13:08:31","guid":{"rendered":"https:\/\/www.centraldenoticias.com.ar\/?p=76084"},"modified":"2023-02-03T10:09:33","modified_gmt":"2023-02-03T13:09:33","slug":"diversas-actividades-en-el-centro-cultural-san-jose","status":"publish","type":"post","link":"https:\/\/cdnoticias.com\/index.php\/2023\/02\/03\/diversas-actividades-en-el-centro-cultural-san-jose\/","title":{"rendered":"Diversas actividades en el Centro Cultural San Jos\u00e9"},"content":{"rendered":"<p>Habr\u00e1 cine, m\u00fasica y ajedrez al aire libre. Adem\u00e1s estar\u00e1n dos muestras desplegadas en las distintas salas.<!--more--><\/p>\n<hr \/>\n<p>Este fin de semana en el <strong>Centro Cultural Municipal San Jos\u00e9<\/strong> se ofrecen <strong>diversas actividades<\/strong>\u00a0en el marco de las propuestas de verano ofrecidas desde ese espacio.<\/p>\n<p>&nbsp;<\/p>\n<p>Una de ellas es el <strong>Ciclo de Cine al Aire Libre<\/strong>, que cuenta con la colaboraci\u00f3n de la Facultad de Ciencias Sociales y FACSO Producciones, y est\u00e1 integrado por <strong>producciones nacionales.<\/strong> Ser\u00e1 este <strong>viernes, desde las 20:30<\/strong> y se dar\u00e1 la \u00faltima funci\u00f3n del Ciclo con la proyecci\u00f3n de la comedia rom\u00e1ntica \u201cPermitidos\u201d, del director Ariel Winograd y con la actuaci\u00f3n de Lali Esp\u00f3sito y Mart\u00edn Piroyansky.<\/p>\n<p>&nbsp;<\/p>\n<p>Por otra parte, el <strong>s\u00e1bado<\/strong> se dar\u00e1 una nueva presentaci\u00f3n enmarcada en el <strong>Ciclo de M\u00fasica al Aire Libre.<\/strong> Ser\u00e1 el turno de Juany V\u00e1zquez, banda integrada por, precisamente, Juany V\u00e1zquez junto a Eric Vallejos, Emilio Palazzolo y Carolina Frank. Desde las <strong>20 horas<\/strong> ofrecer\u00e1n un <strong>tributo a la guitarra el\u00e9ctrica a trav\u00e9s de varios g\u00e9neros.<\/strong><\/p>\n<p>&nbsp;<\/p>\n<p>De manera paralela, permanecer\u00e1n tambi\u00e9n hasta este fin de semana<strong> tres muestras que se encuentran desplegadas en las distintas salas<\/strong> del Centro Cultural.<\/p>\n<p>&nbsp;<\/p>\n<p>En ese sentido, el <strong>Taller de Picapedreros y Escultores<\/strong> en el marco del \u201cQuint5 Aniversario&#8221; compartir\u00e1n con el p\u00fablico en general la <strong>experiencia de tallar la piedra.<\/strong> La actividad, que es <strong>libre y gratuita<\/strong>, se desarrollar\u00e1 a partir de las<strong> 18 horas en la sala 5. <\/strong>Las otras muestras disponibles son \u201c<em><strong>Teor\u00eda del vuelo de la polilla\u201d<\/strong><\/em> de Silvina Mele y Pino Gim\u00e9nez en salas 1 y 2,\u00a0 y \u201c<em><strong>Libros alterados\u201d<\/strong><\/em> en salas 3 y 4.<\/p>\n<p>&nbsp;<\/p>\n<p>Por \u00faltimo, como tambi\u00e9n se viene desarrollando cada <strong>domingo, desde las 17:30 horas<\/strong> se ofrecer\u00e1n actividades l\u00fadicas y <strong>ajedrez al aire libre.<\/strong><\/p>\n","protected":false},"excerpt":{"rendered":"<p>Habr\u00e1 cine, m\u00fasica y ajedrez al aire libre. Adem\u00e1s estar\u00e1n dos muestras desplegadas en las distintas salas.<\/p>\n","protected":false},"author":6,"featured_media":0,"comment_status":"closed","ping_status":"closed","sticky":false,"template":"","format":"standard","meta":{"_jetpack_memberships_contains_paid_content":false,"footnotes":""},"categories":[9,1],"tags":[],"class_list":["post-76084","post","type-post","status-publish","format-standard","hentry","category-cultura","category-portada"],"jetpack_featured_media_url":"","jetpack_sharing_enabled":true,"_links":{"self":[{"href":"https:\/\/cdnoticias.com\/index.php\/wp-json\/wp\/v2\/posts\/76084","targetHints":{"allow":["GET"]}}],"collection":[{"href":"https:\/\/cdnoticias.com\/index.php\/wp-json\/wp\/v2\/posts"}],"about":[{"href":"https:\/\/cdnoticias.com\/index.php\/wp-json\/wp\/v2\/types\/post"}],"author":[{"embeddable":true,"href":"https:\/\/cdnoticias.com\/index.php\/wp-json\/wp\/v2\/users\/6"}],"replies":[{"embeddable":true,"href":"https:\/\/cdnoticias.com\/index.php\/wp-json\/wp\/v2\/comments?post=76084"}],"version-history":[{"count":0,"href":"https:\/\/cdnoticias.com\/index.php\/wp-json\/wp\/v2\/posts\/76084\/revisions"}],"wp:attachment":[{"href":"https:\/\/cdnoticias.com\/index.php\/wp-json\/wp\/v2\/media?parent=76084"}],"wp:term":[{"taxonomy":"category","embeddable":true,"href":"https:\/\/cdnoticias.com\/index.php\/wp-json\/wp\/v2\/categories?post=76084"},{"taxonomy":"post_tag","embeddable":true,"href":"https:\/\/cdnoticias.com\/index.php\/wp-json\/wp\/v2\/tags?post=76084"}],"curies":[{"name":"wp","href":"https:\/\/api.w.org\/{rel}","templated":true}]}}