{"id":76075,"date":"2023-02-02T19:29:37","date_gmt":"2023-02-02T22:29:37","guid":{"rendered":"https:\/\/www.centraldenoticias.com.ar\/?p=76075"},"modified":"2023-02-05T02:05:48","modified_gmt":"2023-02-05T05:05:48","slug":"celeste-arouxet-milei-busca-gente-que-crea-en-el-cambio-en-la-politica","status":"publish","type":"post","link":"https:\/\/cdnoticias.com\/index.php\/2023\/02\/02\/celeste-arouxet-milei-busca-gente-que-crea-en-el-cambio-en-la-politica\/","title":{"rendered":"Celeste Arouxet: \u201cMilei busca gente que crea en el cambio en la pol\u00edtica\u201d"},"content":{"rendered":"<p>La dirigente de Ahora Olavarr\u00eda confirm\u00f3 que su espacio la eligi\u00f3 para ser candidata a Intendenta. \u201cHasta que eso no est\u00e9 firmado no se puede confirmar\u201d dijo. Su relaci\u00f3n con Milei, las expectativas y la b\u00fasqueda de personas de todos los sectores.<!--more--><\/p>\n<hr \/>\n<p>El mi\u00e9rcoles, <a href=\"https:\/\/cdnoticias.com\/index.php\/2023\/02\/01\/celeste-arouxet-lanzo-su-candidatura-a-la-intendencia-junto-a-javier-milei\/\" target=\"_blank\" rel=\"noopener\">una noticia sacudi\u00f3 el mapa pol\u00edtico electoral: Celeste Arouxet confirm\u00f3 que ser\u00eda candidata dentro de Avanza Libertad, el espacio que lidera Javier Milei<\/a>, un liberal que crece en las encuestas y ofrece \u201cun cambio en la pol\u00edtica\u201d. <strong>La concejal de Ahora Olavarr\u00eda habl\u00f3 en \u201cLevantate\u201d por FM Sapiens 102.7 donde dio detalles de lo sucedido y lo que vendr\u00e1 de aqu\u00ed al cierre de listas.<\/strong><\/p>\n<p>&nbsp;<\/p>\n<p>En tono de broma, dijo al inicio de la entrevista <strong><em>\u201c\u00a1Qu\u00e9 l\u00edo se arm\u00f3 con la foto! (Risas)\u201d<\/em><\/strong> y pas\u00f3 a contar lo que sucedi\u00f3 el d\u00eda martes: <em>\u201cten\u00edamos una reuni\u00f3n como referente de la ciudad y la secci\u00f3n, con representantes de cinco secciones. Estuvo Javier y Karina Milei, se habl\u00f3 desde el lugar de los referentes\u201d.<\/em><\/p>\n<p>&nbsp;<\/p>\n<p>En este sentido, aclar\u00f3 que<em> \u201csi bien se habla de mi candidatura y precandidatura obviamente sabemos que son 135 distritos, hasta fin de junio las candidaturas -quienes sabemos c\u00f3mo es esto de la pol\u00edtica- <strong>hasta que no est\u00e1 firmado no se puede confirmar<\/strong>\u201d.<\/em><\/p>\n<p>&nbsp;<\/p>\n<p>Se\u00f1al\u00f3 que ya se barajaba la posibilidad <strong><em>\u201cde ser una alternativa en Olavarr\u00eda y desde nuestro lugar, Ahora Olavarr\u00eda, se tom\u00f3 la decisi\u00f3n de participar. Estamos en el armado de la plataforma electoral\u201d.<\/em><\/strong> Admiti\u00f3, de igual modo, que <em>\u201clo quer\u00edamos anunciar de otra forma, con m\u00e1s tiempo, pero bueno se dieron las cosas as\u00ed y si todo contin\u00faa as\u00ed, mi espacio me eligi\u00f3 para ser quien encabece la lista\u201d.<\/em><\/p>\n<p>&nbsp;<\/p>\n<p><img data-recalc-dims=\"1\" loading=\"lazy\" decoding=\"async\" class=\"alignnone size-full wp-image-75919\" src=\"https:\/\/i0.wp.com\/cdnoticias.com\/wp-content\/uploads\/2023\/02\/celeste-arouxet-javier-milei-1.jpg?resize=800%2C445&#038;ssl=1\" alt=\"\" width=\"800\" height=\"445\" srcset=\"https:\/\/i0.wp.com\/cdnoticias.com\/wp-content\/uploads\/2023\/02\/celeste-arouxet-javier-milei-1.jpg?w=800&amp;ssl=1 800w, https:\/\/i0.wp.com\/cdnoticias.com\/wp-content\/uploads\/2023\/02\/celeste-arouxet-javier-milei-1.jpg?resize=300%2C167&amp;ssl=1 300w, https:\/\/i0.wp.com\/cdnoticias.com\/wp-content\/uploads\/2023\/02\/celeste-arouxet-javier-milei-1.jpg?resize=768%2C427&amp;ssl=1 768w\" sizes=\"auto, (max-width: 800px) 100vw, 800px\" \/><\/p>\n<p>&nbsp;<\/p>\n<blockquote><p>\u201cDije que s\u00ed, que mi lugar de trabajo es en equipo porque sola no puedo y s\u00e9 que tengo atr\u00e1s un equipo que me respalda para eso\u201d.<\/p><\/blockquote>\n<p>&nbsp;<\/p>\n<p>Insisti\u00f3 en que se hab\u00eda pensado en una forma de comunicar<em> \u201cy se dio de la forma menos pensada, por una nota de Infobae. As\u00ed que bueno, ahora contando lo que pas\u00f3\u201d.<\/em><\/p>\n<p>&nbsp;<\/p>\n<p>Con respecto con su relaci\u00f3n con Javier Milei y el equipo de La Libertad Avanza, <em>\u201cdesde el a\u00f1o pasado ven\u00edamos con reuniones, ten\u00eda provincias que estaban en el armado, pero hoy ya tiene la estructura nacional pr\u00e1cticamente armada\u201d.<\/em><\/p>\n<p>&nbsp;<\/p>\n<p>Incluso, valor\u00f3 que el l\u00edder del espacio no discrimina sobre pertenencias pol\u00edticas: <em>\u201cen Esteban Echeverr\u00eda se sum\u00f3 alguien que proviene del Partido Radical, o sea lo que est\u00e1 haciendo -que nos piden a nosotros y nosotros se lo pedimos a la gente- m\u00e1s all\u00e1 del partido que pertenezcan es el apoyo a Javier Milei. <strong>No est\u00e1 buscando peronistas, liberales, est\u00e1 buscando gente que crea en el cambio en la pol\u00edtica. Por eso no tiene complicaciones en lo que es el armado electoral<\/strong>\u201d.<\/em><\/p>\n<p>&nbsp;<\/p>\n<p><img data-recalc-dims=\"1\" loading=\"lazy\" decoding=\"async\" class=\"alignnone size-large wp-image-38654\" src=\"https:\/\/i0.wp.com\/cdnoticias.com\/wp-content\/uploads\/2021\/11\/arouxet04.jpg?resize=800%2C445&#038;ssl=1\" alt=\"\" width=\"800\" height=\"445\" srcset=\"https:\/\/i0.wp.com\/cdnoticias.com\/wp-content\/uploads\/2021\/11\/arouxet04.jpg?resize=1024%2C569&amp;ssl=1 1024w, https:\/\/i0.wp.com\/cdnoticias.com\/wp-content\/uploads\/2021\/11\/arouxet04.jpg?resize=300%2C167&amp;ssl=1 300w, https:\/\/i0.wp.com\/cdnoticias.com\/wp-content\/uploads\/2021\/11\/arouxet04.jpg?resize=768%2C427&amp;ssl=1 768w, https:\/\/i0.wp.com\/cdnoticias.com\/wp-content\/uploads\/2021\/11\/arouxet04.jpg?resize=800%2C445&amp;ssl=1 800w, https:\/\/i0.wp.com\/cdnoticias.com\/wp-content\/uploads\/2021\/11\/arouxet04.jpg?w=1152&amp;ssl=1 1152w\" sizes=\"auto, (max-width: 800px) 100vw, 800px\" \/><\/p>\n<p>&nbsp;<\/p>\n<blockquote>\n<p style=\"text-align: left;\">El pasado martes fue <em>\u201cla primera vez que lo tuve en el mano a mano, y con mirarlo te das cuenta que no te est\u00e1 mintiendo y hoy en la pol\u00edtica eso es un mont\u00f3n\u201d<\/em> dijo Arouxet.<\/p>\n<\/blockquote>\n<p>&nbsp;<\/p>\n<p>Sobre las internas locales, la concejal dijo que est\u00e1n trabajando<em> \u201ccon el Partido Dem\u00f3crata, con conservadores, Sergio Palahy que es el representante de Olavarr\u00eda y le inform\u00e9 de la reuni\u00f3n, coordinando con Sebasti\u00e1n Pareja sobre lo que podemos decir, qu\u00e9 podemos contar, coordinar. Hoy soy la referente para ser candidata a Intendente de Olavarr\u00eda. Y si aparece otra persona que pueda favorecer al espacio, mejores proyecciones y mejores ideas obviamente se va a apoyar\u201d<\/em>. Si bien<em> \u201cde internas no se habla\u201d<\/em> Arouxet prefiri\u00f3 ser prudente y destac\u00f3 que <strong><em>\u201cpara junio falta un mont\u00f3n, pero ojal\u00e1 que no haya. Es un espacio abierto para que participen todos y que los equipos construyan\u201d.<\/em><\/strong><\/p>\n<p>&nbsp;<\/p>\n<p>Y sobre su pasado con <strong>Jos\u00e9 Luis Espert, admiti\u00f3 que desde que se lanz\u00f3 como precandidato a gobernador dejaron de tener comunicaci\u00f3n<\/strong>:<em> \u201cestamos en contacto con muchos de los integrantes del equipo de Espert que est\u00e1n trabajando en el armado electoral de Javier Milei, Carolina P\u00edparo por ejemplo. Todos est\u00e1n trabajando para que crezca el espacio liberal\u201d.<\/em><\/p>\n<p>&nbsp;<\/p>\n<p>Finalmente, adelant\u00f3 que en base a su experiencia dentro del espacio<strong><em> \u201cno veo ese acuerdo entre Juntos por el Cambio y Javier Milei. Veo que desde JxC quieren tener ellos la posibilidad de ganar la Provincia y Milei tiene una idea totalmente opuesta a lo que est\u00e1n haciendo. Unos van por los puestos y otros por las ideas. Y ah\u00ed, creo yo, que no va a haber acuerdo\u201d<\/em> <\/strong>acus\u00f3.<\/p>\n<p>&nbsp;<\/p>\n<blockquote><p>Sobre la posible candidatura a gobernador de Fernando Burlando dentro del espacio de Milei, Arouxet cerr\u00f3 se\u00f1alando que \u201cno se la esperaba\u201d pero \u201csabe lo que es trabajar d\u00eda a d\u00eda y tiene intenciones de cambiar la pol\u00edtica, bienvenido sea\u201d.<\/p><\/blockquote>\n<p>&nbsp;<\/p>\n<p><em>\u201cLamentablemente la pol\u00edtica nos demuestra que algunas figuritas repetidas nos llevaron a donde estamos hoy parados. Donde hay personas que no se capacitan para determinados puestos y muchos t\u00edteres que llegan a la pol\u00edtica para cubrir vacantes y las consecuencias las paga la gente. Sabe lo que es trabajar y sabe d\u00f3nde se mete\u201d<\/em> cerr\u00f3.<\/p>\n","protected":false},"excerpt":{"rendered":"<p>La dirigente de Ahora Olavarr\u00eda confirm\u00f3 que su espacio la eligi\u00f3 para ser candidata a Intendenta. \u201cHasta que eso no<\/p>\n","protected":false},"author":2,"featured_media":75918,"comment_status":"closed","ping_status":"closed","sticky":false,"template":"","format":"standard","meta":{"_jetpack_memberships_contains_paid_content":false,"footnotes":""},"categories":[4,1],"tags":[],"class_list":["post-76075","post","type-post","status-publish","format-standard","has-post-thumbnail","hentry","category-politica","category-portada"],"jetpack_featured_media_url":"https:\/\/i0.wp.com\/cdnoticias.com\/wp-content\/uploads\/2023\/02\/celeste-arouxet-javier-milei-0.jpg?fit=800%2C445&ssl=1","jetpack_sharing_enabled":true,"_links":{"self":[{"href":"https:\/\/cdnoticias.com\/index.php\/wp-json\/wp\/v2\/posts\/76075","targetHints":{"allow":["GET"]}}],"collection":[{"href":"https:\/\/cdnoticias.com\/index.php\/wp-json\/wp\/v2\/posts"}],"about":[{"href":"https:\/\/cdnoticias.com\/index.php\/wp-json\/wp\/v2\/types\/post"}],"author":[{"embeddable":true,"href":"https:\/\/cdnoticias.com\/index.php\/wp-json\/wp\/v2\/users\/2"}],"replies":[{"embeddable":true,"href":"https:\/\/cdnoticias.com\/index.php\/wp-json\/wp\/v2\/comments?post=76075"}],"version-history":[{"count":0,"href":"https:\/\/cdnoticias.com\/index.php\/wp-json\/wp\/v2\/posts\/76075\/revisions"}],"wp:featuredmedia":[{"embeddable":true,"href":"https:\/\/cdnoticias.com\/index.php\/wp-json\/wp\/v2\/media\/75918"}],"wp:attachment":[{"href":"https:\/\/cdnoticias.com\/index.php\/wp-json\/wp\/v2\/media?parent=76075"}],"wp:term":[{"taxonomy":"category","embeddable":true,"href":"https:\/\/cdnoticias.com\/index.php\/wp-json\/wp\/v2\/categories?post=76075"},{"taxonomy":"post_tag","embeddable":true,"href":"https:\/\/cdnoticias.com\/index.php\/wp-json\/wp\/v2\/tags?post=76075"}],"curies":[{"name":"wp","href":"https:\/\/api.w.org\/{rel}","templated":true}]}}