{"id":76054,"date":"2023-02-03T11:00:18","date_gmt":"2023-02-03T14:00:18","guid":{"rendered":"https:\/\/www.centraldenoticias.com.ar\/?p=76054"},"modified":"2023-02-03T13:24:23","modified_gmt":"2023-02-03T16:24:23","slug":"autopista-fortabat-mas-pedidos-de-investigacion-con-perspectiva-de-genero","status":"publish","type":"post","link":"https:\/\/cdnoticias.com\/index.php\/2023\/02\/03\/autopista-fortabat-mas-pedidos-de-investigacion-con-perspectiva-de-genero\/","title":{"rendered":"Autopista Fortabat: m\u00e1s pedidos de investigaci\u00f3n con perspectiva de g\u00e9nero"},"content":{"rendered":"<p>Desde el espacio Casa Popular de la Mujer se pronunciaron ante el violento hecho donde una mujer result\u00f3 con graves quemaduras de alcohol junto a su pareja. Piden un proceso judicial que se comprometa a &#8220;comprender c\u00f3mo funcionan los c\u00edrculos de violencia machista&#8221;.<!--more--><\/p>\n<hr \/>\n<p>Tras el violento hecho en una vivienda de\u00a0<strong>Autopista Fortabat al 11600<\/strong>\u00a0donde\u00a0<a href=\"https:\/\/cdnoticias.com\/index.php\/2023\/01\/31\/violencia-de-genero-tras-discutir-con-su-pareja-le-arrojo-alcohol-y-se-quemaron\/\" target=\"_blank\" rel=\"noopener\">una pareja result\u00f3 quemada con alcohol<\/a>, desde Casa Popular de la Mujer evaluaron lo sucedido y pidieron que el caso sea analizado con perspectiva de g\u00e9nero.<\/p>\n<p>&nbsp;<\/p>\n<p>Este pedido,<a href=\"https:\/\/cdnoticias.com\/index.php\/2023\/01\/31\/autopista-fortabat-la-familia-descree-de-la-version-y-pide-investigar-por-violencia-de-genero\/\" target=\"_blank\" rel=\"noopener\"> se suma al realizado por la familia<\/a> que en di\u00e1logo con Central de Noticias asegur\u00f3 que descreen de la versi\u00f3n inicial y que \u201cfueron testigos\u201d de situaciones de violencia de \u00e9l hacia ella.<\/p>\n<p>&nbsp;<\/p>\n<p>Adem\u00e1s, la <a href=\"https:\/\/cdnoticias.com\/index.php\/2023\/02\/01\/autopista-fortabat-dpg-pide-que-se-investigue-con-la-presuncion-de-un-intento-de-femicidio\/\" target=\"_blank\" rel=\"noopener\">Direcci\u00f3n de Pol\u00edticas de G\u00e9nero<\/a> tambi\u00e9n solicit\u00f3 que <strong>\u201csiempre este tipo de investigaciones deben llevarse adelante con perspectiva de g\u00e9nero y con la presunci\u00f3n de un intento de femicidio\u201d<\/strong>.<\/p>\n<p>&nbsp;<\/p>\n<p><strong>El comunicado de Casa Popular de la Mujer<\/strong><\/p>\n<p>&nbsp;<\/p>\n<p><em><strong>&#8220;Desde Casa Popular de la Mujer sostenemos que la violencia patriarcal ejercida sobre nuestros cuerpos, de manera estructural y sistem\u00e1tica, nos deja inmersas en c\u00edrculos violentos de los cuales nos defendemos como podemos&#8221;<\/strong><\/em> expresaron en un comunicado a trav\u00e9s de sus redes sociales.<\/p>\n<p>&nbsp;<\/p>\n<p><em>&#8220;Es conocido el hecho ocurrido en Olavarr\u00eda el pasado domingo 29 de enero, por el cual dos personas fueron hospitalizadas, y la Fiscal\u00eda elabor\u00f3 una causa que ya est\u00e1 en manos de la UFI N\u00ba5 especializada en violencia de g\u00e9nero, con la caratula \u201clesiones\u201d<\/em> agregaron.<\/p>\n<p>&nbsp;<\/p>\n<p>Adem\u00e1s, en relaci\u00f3n al hecho se\u00f1alaron que &#8220;<em><strong>como organizaci\u00f3n popular entendemos que todo proceso judicial debe tener perspectiva de g\u00e9nero, comprometerse a comprender c\u00f3mo funcionan los c\u00edrculos de violencia machista, para poder juzgar y declarar sentencias que se acerquen verdaderamente a la justicia y a la igualdad&#8221;.<\/strong><\/em><\/p>\n<p>&nbsp;<\/p>\n<p>Por \u00faltimo dieron<strong> informaci\u00f3n \u00fatil <\/strong>en caso de atravesar una situaci\u00f3n de <strong>violencia de g\u00e9nero:<\/strong><\/p>\n<p>&nbsp;<\/p>\n<ul>\n<li>Si est\u00e1s o conoc\u00e9s a alguien que atraviesa una<strong> situaci\u00f3n de violencia de g\u00e9nero,<\/strong> no dudes en comunicarte con la <strong>#L\u00ednea144<\/strong> que brinda atenci\u00f3n telef\u00f3nica las 24 horas, los 365 d\u00edas del a\u00f1o. Es an\u00f3nima, gratuita y nacional.<\/li>\n<li>Tambi\u00e9n te pod\u00e9s comunicar por WhatsApp y Telegram: <strong>221 508 5988<\/strong><\/li>\n<li>La l\u00ednea ofrece informaci\u00f3n, contenci\u00f3n y asesoramiento a trav\u00e9s de un equipo interdisciplinario. En la Provincia de Buenos Aires, atienden operadoras especializadas que ofrecen los recursos del territorio, para maximizar el servicio de atenci\u00f3n y respuesta. Adem\u00e1s realizan el seguimiento de los casos con equipos intervinientes de diversas \u00e1reas (G\u00e9nero, Derechos Humanos, Salud, Educaci\u00f3n, Servicios Locales, entre otras) municipales, provinciales y nacionales<\/li>\n<li>Record\u00e1 que seg\u00fan la<strong> Ley 26.485,<\/strong> la violencia de g\u00e9nero puede ser f\u00edsica, psicol\u00f3gica, sexual, econ\u00f3mica y patrimonial, simb\u00f3lica, pol\u00edtica, dom\u00e9stica, institucional, laboral, contra la libertad reproductiva, obst\u00e9trica, medi\u00e1tica y en el espacio p\u00fablico.<\/li>\n<\/ul>\n<p>&nbsp;<\/p>\n<blockquote class=\"wp-embedded-content\" data-secret=\"N21tWd4dCa\"><p><a href=\"https:\/\/cdnoticias.com\/index.php\/2023\/02\/01\/autopista-fortabat-dpg-pide-que-se-investigue-con-la-presuncion-de-un-intento-de-femicidio\/\">Autopista Fortabat: DPG pide que se investigue con la presunci\u00f3n de un intento de femicidio<\/a><\/p><\/blockquote>\n<p><iframe loading=\"lazy\" class=\"wp-embedded-content\" sandbox=\"allow-scripts\" security=\"restricted\" style=\"position: absolute; clip: rect(1px, 1px, 1px, 1px);\" title=\"&#8220;Autopista Fortabat: DPG pide que se investigue con la presunci\u00f3n de un intento de femicidio&#8221; &#8212; Central de Noticias | Olavarr\u00eda\" src=\"https:\/\/cdnoticias.com\/index.php\/2023\/02\/01\/autopista-fortabat-dpg-pide-que-se-investigue-con-la-presuncion-de-un-intento-de-femicidio\/embed\/#?secret=0Ss7jQd5rc#?secret=N21tWd4dCa\" data-secret=\"N21tWd4dCa\" width=\"600\" height=\"338\" frameborder=\"0\" marginwidth=\"0\" marginheight=\"0\" scrolling=\"no\"><\/iframe><\/p>\n","protected":false},"excerpt":{"rendered":"<p>Desde el espacio Casa Popular de la Mujer se pronunciaron ante el violento hecho donde una mujer result\u00f3 con graves<\/p>\n","protected":false},"author":6,"featured_media":13710,"comment_status":"closed","ping_status":"closed","sticky":false,"template":"","format":"standard","meta":{"_jetpack_memberships_contains_paid_content":false,"footnotes":""},"categories":[3,1],"tags":[],"class_list":["post-76054","post","type-post","status-publish","format-standard","has-post-thumbnail","hentry","category-genero","category-portada"],"jetpack_featured_media_url":"https:\/\/i0.wp.com\/cdnoticias.com\/wp-content\/uploads\/2021\/02\/casa-popular-valeria.jpg?fit=1032%2C502&ssl=1","jetpack_sharing_enabled":true,"_links":{"self":[{"href":"https:\/\/cdnoticias.com\/index.php\/wp-json\/wp\/v2\/posts\/76054","targetHints":{"allow":["GET"]}}],"collection":[{"href":"https:\/\/cdnoticias.com\/index.php\/wp-json\/wp\/v2\/posts"}],"about":[{"href":"https:\/\/cdnoticias.com\/index.php\/wp-json\/wp\/v2\/types\/post"}],"author":[{"embeddable":true,"href":"https:\/\/cdnoticias.com\/index.php\/wp-json\/wp\/v2\/users\/6"}],"replies":[{"embeddable":true,"href":"https:\/\/cdnoticias.com\/index.php\/wp-json\/wp\/v2\/comments?post=76054"}],"version-history":[{"count":0,"href":"https:\/\/cdnoticias.com\/index.php\/wp-json\/wp\/v2\/posts\/76054\/revisions"}],"wp:featuredmedia":[{"embeddable":true,"href":"https:\/\/cdnoticias.com\/index.php\/wp-json\/wp\/v2\/media\/13710"}],"wp:attachment":[{"href":"https:\/\/cdnoticias.com\/index.php\/wp-json\/wp\/v2\/media?parent=76054"}],"wp:term":[{"taxonomy":"category","embeddable":true,"href":"https:\/\/cdnoticias.com\/index.php\/wp-json\/wp\/v2\/categories?post=76054"},{"taxonomy":"post_tag","embeddable":true,"href":"https:\/\/cdnoticias.com\/index.php\/wp-json\/wp\/v2\/tags?post=76054"}],"curies":[{"name":"wp","href":"https:\/\/api.w.org\/{rel}","templated":true}]}}