{"id":75983,"date":"2023-02-01T20:38:35","date_gmt":"2023-02-01T23:38:35","guid":{"rendered":"https:\/\/www.centraldenoticias.com.ar\/?p=75983"},"modified":"2023-02-02T08:58:57","modified_gmt":"2023-02-02T11:58:57","slug":"mariano-sarthou-hugo-munoz-nos-presento-un-proyecto-y-lo-vamos-a-evaluar","status":"publish","type":"post","link":"https:\/\/cdnoticias.com\/index.php\/2023\/02\/01\/mariano-sarthou-hugo-munoz-nos-presento-un-proyecto-y-lo-vamos-a-evaluar\/","title":{"rendered":"Mariano Sarthou: &#8220;Hugo Mu\u00f1oz nos present\u00f3 un proyecto y lo vamos a evaluar&#8221;"},"content":{"rendered":"<p>As\u00ed lo expres\u00f3 el Director de Cultura Municipal luego de la reuni\u00f3n que se realiz\u00f3 el \u00faltimo martes con la batucada y la murga en la sede de la Casa de la Cultura. <!--more--><\/p>\n<hr \/>\n<p>Este martes la batucada<strong>\u00a0\u201cEl color de tu coraz\u00f3n\u201d<\/strong> y la <strong>murga \u201cComodines de Febrero\u201d<\/strong> realizaron una convocatoria en la sede de la Casa de la Cultura luego de que expresaran que nos los dejaban participar en los Corsos 2023 y fueron recibidos por el\u00a0<strong>director de Cultura, Mariano Sarthou.\u00a0<\/strong><\/p>\n<p>&nbsp;<\/p>\n<p><em>Central de Noticias<\/em> dialog\u00f3 con <strong>el funcionario <\/strong>quien expres\u00f3 que all\u00ed <strong>&#8220;s<\/strong><em><strong>e resolvi\u00f3 pedirles a ambas agrupaciones, pero particularmente a la de Hugo Mu\u00f1oz \u201cEl color de tu coraz\u00f3n\u201d que presentaran un proyecto como lo presentaron todas las agrupaciones que participan del Corso\u201d.<\/strong><\/em><\/p>\n<p>&nbsp;<\/p>\n<blockquote><p>En la misma l\u00ednea, agreg\u00f3 que &#8220;este mi\u00e9rcoles nos reunimos nuevamente con Bruno Cenizo y con Hugo Mu\u00f1oz quien present\u00f3 la propuesta y la vamos a evaluar. Pr\u00f3ximamente vamos a tener novedades. La idea era tener un proyecto presentado por la agrupaci\u00f3n porque era la que no ten\u00edamos informaci\u00f3n. Creemos que era lo m\u00e1s justo porque el resto, tanto de las murgas como de las comparsas, tienen un seguimiento y un proyecto presentado hace 4 meses donde se vino trabajando durante todo el a\u00f1o\u201d.<\/p><\/blockquote>\n<p>&nbsp;<\/p>\n<p>Al respecto <strong>Sarthou<\/strong> se\u00f1al\u00f3 que <em><strong>&#8220;ellos estaban anotados, pero no hubo un seguimiento como un ida y vuelta respecto al trabajo durante el a\u00f1o y no ten\u00edamos un proyecto en cuanto a tem\u00e1tica, cantidad de integrantes. No ten\u00edamos una referencia de c\u00f3mo estaban trabajando. Ahora con este proyecto tenemos un panorama mucho m\u00e1s claro\u201d.<\/strong><\/em><\/p>\n<p>&nbsp;<\/p>\n<p>Por \u00faltimo, sobre la murga &#8220;<strong>Comodines de Febrero<\/strong>&#8220;, <strong>Sarthou<\/strong> indic\u00f3 que &#8220;<em><strong>tuvieron un problema administrativo<\/strong><\/em>&#8221; y que &#8220;<em><strong>la agrupaci\u00f3n nos dijo que por una cuesti\u00f3n de tiempo ya no iban a llegar a participar de estos Corsos 2023&#8243;.\u00a0<\/strong><\/em><\/p>\n","protected":false},"excerpt":{"rendered":"<p>As\u00ed lo expres\u00f3 el Director de Cultura Municipal luego de la reuni\u00f3n que se realiz\u00f3 el \u00faltimo martes con la<\/p>\n","protected":false},"author":6,"featured_media":75845,"comment_status":"closed","ping_status":"closed","sticky":false,"template":"","format":"standard","meta":{"_jetpack_memberships_contains_paid_content":false,"footnotes":""},"categories":[9,1],"tags":[],"class_list":["post-75983","post","type-post","status-publish","format-standard","has-post-thumbnail","hentry","category-cultura","category-portada"],"jetpack_featured_media_url":"https:\/\/i0.wp.com\/cdnoticias.com\/wp-content\/uploads\/2023\/01\/protesta-corsos-oficiales-01.jpg?fit=1600%2C890&ssl=1","jetpack_sharing_enabled":true,"_links":{"self":[{"href":"https:\/\/cdnoticias.com\/index.php\/wp-json\/wp\/v2\/posts\/75983","targetHints":{"allow":["GET"]}}],"collection":[{"href":"https:\/\/cdnoticias.com\/index.php\/wp-json\/wp\/v2\/posts"}],"about":[{"href":"https:\/\/cdnoticias.com\/index.php\/wp-json\/wp\/v2\/types\/post"}],"author":[{"embeddable":true,"href":"https:\/\/cdnoticias.com\/index.php\/wp-json\/wp\/v2\/users\/6"}],"replies":[{"embeddable":true,"href":"https:\/\/cdnoticias.com\/index.php\/wp-json\/wp\/v2\/comments?post=75983"}],"version-history":[{"count":0,"href":"https:\/\/cdnoticias.com\/index.php\/wp-json\/wp\/v2\/posts\/75983\/revisions"}],"wp:featuredmedia":[{"embeddable":true,"href":"https:\/\/cdnoticias.com\/index.php\/wp-json\/wp\/v2\/media\/75845"}],"wp:attachment":[{"href":"https:\/\/cdnoticias.com\/index.php\/wp-json\/wp\/v2\/media?parent=75983"}],"wp:term":[{"taxonomy":"category","embeddable":true,"href":"https:\/\/cdnoticias.com\/index.php\/wp-json\/wp\/v2\/categories?post=75983"},{"taxonomy":"post_tag","embeddable":true,"href":"https:\/\/cdnoticias.com\/index.php\/wp-json\/wp\/v2\/tags?post=75983"}],"curies":[{"name":"wp","href":"https:\/\/api.w.org\/{rel}","templated":true}]}}