{"id":7598,"date":"2020-11-27T10:09:43","date_gmt":"2020-11-27T13:09:43","guid":{"rendered":"http:\/\/www.centraldenoticias.com.ar\/?p=7598"},"modified":"2020-11-27T10:09:43","modified_gmt":"2020-11-27T13:09:43","slug":"la-union-industrial-abrira-una-boca-de-cobro-de-servicios","status":"publish","type":"post","link":"https:\/\/cdnoticias.com\/index.php\/2020\/11\/27\/la-union-industrial-abrira-una-boca-de-cobro-de-servicios\/","title":{"rendered":"La Uni\u00f3n Industrial abrir\u00e1 una boca de cobro de servicios"},"content":{"rendered":"<p>Ser\u00e1 desde el pr\u00f3ximo lunes en la nueva sede de la entidad, ubicada en Coronel Su\u00e1rez 2543.<!--more--><\/p>\n<hr \/>\n<p>La Uni\u00f3n Industrial de Olavarr\u00eda inform\u00f3 que <strong>desde el pr\u00f3ximo lunes, Ripsa abrir\u00e1 una boca de cobro en la nueva sede de la entidad ubicada en Coronel Su\u00e1rez 2543.<\/strong><\/p>\n<p>&nbsp;<\/p>\n<blockquote><p>Se podr\u00e1n abonar todos los servicios y habr\u00e1 beneficios especiales para los socios de la Uni\u00f3n Industrial de nuestra ciudad.<\/p><\/blockquote>\n<p>&nbsp;<\/p>\n<p>El horario de atenci\u00f3n al p\u00fablico ser\u00e1 de<strong> 8 a 16 horas<\/strong>, de corrido.<\/p>\n","protected":false},"excerpt":{"rendered":"<p>Ser\u00e1 desde el pr\u00f3ximo lunes en la nueva sede de la entidad, ubicada en Coronel Su\u00e1rez 2543.<\/p>\n","protected":false},"author":2,"featured_media":7599,"comment_status":"closed","ping_status":"closed","sticky":false,"template":"","format":"standard","meta":{"_jetpack_memberships_contains_paid_content":false,"footnotes":""},"categories":[5,1],"tags":[],"class_list":["post-7598","post","type-post","status-publish","format-standard","has-post-thumbnail","hentry","category-informacion-general","category-portada"],"jetpack_featured_media_url":"https:\/\/i0.wp.com\/cdnoticias.com\/wp-content\/uploads\/2020\/11\/Union-Industrial-Ripsa.jpeg?fit=750%2C573&ssl=1","jetpack_sharing_enabled":true,"_links":{"self":[{"href":"https:\/\/cdnoticias.com\/index.php\/wp-json\/wp\/v2\/posts\/7598","targetHints":{"allow":["GET"]}}],"collection":[{"href":"https:\/\/cdnoticias.com\/index.php\/wp-json\/wp\/v2\/posts"}],"about":[{"href":"https:\/\/cdnoticias.com\/index.php\/wp-json\/wp\/v2\/types\/post"}],"author":[{"embeddable":true,"href":"https:\/\/cdnoticias.com\/index.php\/wp-json\/wp\/v2\/users\/2"}],"replies":[{"embeddable":true,"href":"https:\/\/cdnoticias.com\/index.php\/wp-json\/wp\/v2\/comments?post=7598"}],"version-history":[{"count":0,"href":"https:\/\/cdnoticias.com\/index.php\/wp-json\/wp\/v2\/posts\/7598\/revisions"}],"wp:featuredmedia":[{"embeddable":true,"href":"https:\/\/cdnoticias.com\/index.php\/wp-json\/wp\/v2\/media\/7599"}],"wp:attachment":[{"href":"https:\/\/cdnoticias.com\/index.php\/wp-json\/wp\/v2\/media?parent=7598"}],"wp:term":[{"taxonomy":"category","embeddable":true,"href":"https:\/\/cdnoticias.com\/index.php\/wp-json\/wp\/v2\/categories?post=7598"},{"taxonomy":"post_tag","embeddable":true,"href":"https:\/\/cdnoticias.com\/index.php\/wp-json\/wp\/v2\/tags?post=7598"}],"curies":[{"name":"wp","href":"https:\/\/api.w.org\/{rel}","templated":true}]}}