{"id":75963,"date":"2023-02-01T17:30:02","date_gmt":"2023-02-01T20:30:02","guid":{"rendered":"https:\/\/www.centraldenoticias.com.ar\/?p=75963"},"modified":"2023-02-01T17:30:02","modified_gmt":"2023-02-01T20:30:02","slug":"censo-2022-como-minimo-la-situacion-merece-una-investigacion","status":"publish","type":"post","link":"https:\/\/cdnoticias.com\/index.php\/2023\/02\/01\/censo-2022-como-minimo-la-situacion-merece-una-investigacion\/","title":{"rendered":"Censo 2022: &#8220;c\u00f3mo m\u00ednimo la situaci\u00f3n merece una investigaci\u00f3n&#8221;"},"content":{"rendered":"<p>As\u00ed lo expres\u00f3 Bel\u00e9n Vergel, Concejal y Presidenta de la UCR de Olavarr\u00eda tras darse a conocer los n\u00fameros que dej\u00f3 el Censo. <!--more--><\/p>\n<hr \/>\n<p><em>Por Bel\u00e9n Vergel<\/em><\/p>\n<p>&nbsp;<\/p>\n<p>En el d\u00eda de ayer el INDEC dio un<strong> nuevo informe <\/strong>con resultados provisionales de lo que fuera el<strong> Censo 2022<\/strong>. <strong>Plazos vencidos largamente, n\u00fameros que difieren del primer informe, falta de claridad en la forma de trabajo,<\/strong> son algunos de los interrogantes de un operativo que traza un paralelismo directo con lo que ha sido la<strong> gesti\u00f3n de este Gobierno.<\/strong><\/p>\n<p>&nbsp;<\/p>\n<p>En abril del 2022 compart\u00eda una nota de opini\u00f3n donde hablaba de la importancia que ha tenido el Censo para la historia de nuestro pa\u00eds: \u201cMedir para gestionar\u201d. Tambi\u00e9n detallaba la denuncia presentada por el Diputado Mart\u00edn Tetaz respecto a lo sucedido en La Matanza en el Censo 2010, donde denunciaba que <strong>el n\u00famero de habitantes hab\u00eda sido adulterado para recibir mayores fondos a trav\u00e9s de coparticipaci\u00f3n.<\/strong><\/p>\n<p>&nbsp;<\/p>\n<p>Con los datos conocidos este 31 de enero, esto parece confirmarse: el partido m\u00e1s grande de la Provincia de Buenos Aires pas\u00f3 de crecer un 3.9% anual entre 2001 a 2010, a un 0.2% anual del 2010 al 2022. Esto implic\u00f3 alrededor de 85 mil millones m\u00e1s de ingresos para el <strong>municipio de Fernando Espinoza y Ver\u00f3nica Magario<\/strong> (actual vicegobernadora de Kicillof) en concepto de coparticipaci\u00f3n municipal, y<strong> menos para el resto de los municipios de la provincia.<\/strong> <strong>C\u00f3mo m\u00ednimo la situaci\u00f3n merece una investigaci\u00f3n.<\/strong><\/p>\n<p>&nbsp;<\/p>\n<p><strong>258 d\u00edas demoraron en dar a conocer los datos. 166 d\u00edas despu\u00e9s de que se venciera el plazo.<\/strong> En los d\u00edas posteriores al 18 de mayo del a\u00f1o pasado se dio a conocer que en Argentina hab\u00eda 47.327.407 habitantes, seg\u00fan el informe de ayer esa cifra cambi\u00f3 a 46.082.160. Esto nos da una diferencia de 1.245.247 entre un informe y otro. Un operativo donde las <strong>nuevas tecnolog\u00edas lo deber\u00edan haber facilitado,<\/strong> deja m\u00e1s dudas e interrogantes que certezas.<\/p>\n<p>&nbsp;<\/p>\n<p>En lo<strong> estrictamente local,<\/strong> el informe presentado en el d\u00eda de ayer indica que en Olavarr\u00eda somos 126.328 habitantes, de los cuales el 51.71% son mujeres (63.311) y el 48.28% hombres 59.113. El crecimiento de la poblaci\u00f3n respecto a lo registrado en el Censo 2010 (111.320) es de un 13.48%. Esto siempre y cuando sea confirmado como el n\u00famero definitivo. Que por c\u00f3mo se est\u00e1n dando las cosas, no sorprender\u00eda alg\u00fan otro cambio.<\/p>\n<p>&nbsp;<\/p>\n<p>En resumen, por todo lo detallado podemos concluir en que <strong>es una nueva oportunidad perdida del Gobierno, en tratar de demostrar confianza y transparencia a la hora de gestionar.<\/strong> Una radiograf\u00eda exacta de lo que han sido estos poco m\u00e1s de 3 a\u00f1os de gesti\u00f3n. Y deja a las claras la necesidad de que los argentinos tengamos un Estado moderno, que genere los diagn\u00f3sticos que permitan administrar correctamente y dar las respuestas que nuestra sociedad demanda.<\/p>\n<p>&nbsp;<\/p>\n<p>(*) Concejal y Presidenta de la UCR de Olavarr\u00eda<\/p>\n","protected":false},"excerpt":{"rendered":"<p>As\u00ed lo expres\u00f3 Bel\u00e9n Vergel, Concejal y Presidenta de la UCR de Olavarr\u00eda tras darse a conocer los n\u00fameros que<\/p>\n","protected":false},"author":6,"featured_media":69368,"comment_status":"closed","ping_status":"closed","sticky":false,"template":"","format":"standard","meta":{"_jetpack_memberships_contains_paid_content":false,"footnotes":""},"categories":[4,1],"tags":[],"class_list":["post-75963","post","type-post","status-publish","format-standard","has-post-thumbnail","hentry","category-politica","category-portada"],"jetpack_featured_media_url":"https:\/\/i0.wp.com\/cdnoticias.com\/wp-content\/uploads\/2022\/11\/vergel-entre2-scaled.jpg?fit=2560%2C1536&ssl=1","jetpack_sharing_enabled":true,"_links":{"self":[{"href":"https:\/\/cdnoticias.com\/index.php\/wp-json\/wp\/v2\/posts\/75963","targetHints":{"allow":["GET"]}}],"collection":[{"href":"https:\/\/cdnoticias.com\/index.php\/wp-json\/wp\/v2\/posts"}],"about":[{"href":"https:\/\/cdnoticias.com\/index.php\/wp-json\/wp\/v2\/types\/post"}],"author":[{"embeddable":true,"href":"https:\/\/cdnoticias.com\/index.php\/wp-json\/wp\/v2\/users\/6"}],"replies":[{"embeddable":true,"href":"https:\/\/cdnoticias.com\/index.php\/wp-json\/wp\/v2\/comments?post=75963"}],"version-history":[{"count":0,"href":"https:\/\/cdnoticias.com\/index.php\/wp-json\/wp\/v2\/posts\/75963\/revisions"}],"wp:featuredmedia":[{"embeddable":true,"href":"https:\/\/cdnoticias.com\/index.php\/wp-json\/wp\/v2\/media\/69368"}],"wp:attachment":[{"href":"https:\/\/cdnoticias.com\/index.php\/wp-json\/wp\/v2\/media?parent=75963"}],"wp:term":[{"taxonomy":"category","embeddable":true,"href":"https:\/\/cdnoticias.com\/index.php\/wp-json\/wp\/v2\/categories?post=75963"},{"taxonomy":"post_tag","embeddable":true,"href":"https:\/\/cdnoticias.com\/index.php\/wp-json\/wp\/v2\/tags?post=75963"}],"curies":[{"name":"wp","href":"https:\/\/api.w.org\/{rel}","templated":true}]}}