{"id":75934,"date":"2023-02-01T10:41:42","date_gmt":"2023-02-01T13:41:42","guid":{"rendered":"https:\/\/www.centraldenoticias.com.ar\/?p=75934"},"modified":"2023-02-01T11:48:36","modified_gmt":"2023-02-01T14:48:36","slug":"censo-2022-olavarria-crecio-alrededor-de-13-en-doce-anos","status":"publish","type":"post","link":"https:\/\/cdnoticias.com\/index.php\/2023\/02\/01\/censo-2022-olavarria-crecio-alrededor-de-13-en-doce-anos\/","title":{"rendered":"Censo 2022: Olavarr\u00eda creci\u00f3 alrededor de 13% en doce a\u00f1os"},"content":{"rendered":"<p>Se mantuvo en la proporci\u00f3n de aumento poblacional de la naci\u00f3n y de la provincia. Implica un crecimiento de poco m\u00e1s de 1% por a\u00f1o.<!--more--><\/p>\n<hr \/>\n<p><a href=\"https:\/\/cdnoticias.com\/index.php\/2023\/01\/31\/resultados-provisionales-del-censo-2022-46-millones-de-argentinos-126-mil-olavarrienses\/\" target=\"_blank\" rel=\"noopener\">Con la difusi\u00f3n de los datos del Censo 2022<\/a>, se conoci\u00f3 que <strong>Olavarr\u00eda cuenta con 126.328 habitantes<\/strong> y la cifra implica un <strong>crecimiento poblacional de 1,09% por a\u00f1o<\/strong> desde el \u00faltimo registro del a\u00f1o 2011.<\/p>\n<p>&nbsp;<\/p>\n<blockquote><p>En concreto, en el censo anterior se hab\u00edan contado 111.708 habitantes en el distrito de Olavarr\u00eda con lo que el crecimiento hasta el censo del a\u00f1o pasado es de 13,08%.<\/p><\/blockquote>\n<p>&nbsp;<\/p>\n<p>Esta proporci\u00f3n es similar al movimiento que mostraron <strong>los registros a nivel nacional y provincial.<\/strong><\/p>\n<p>&nbsp;<\/p>\n<p>Los 46 millones de habitantes que hay <strong>en el pa\u00eds<\/strong> representan<strong> 14,4% m\u00e1s que hace doce a\u00f1os<\/strong>, cuando el censo hab\u00eda arrojado 40.117.096 argentinos. El crecimiento se dio en alrededor de 1,2% por a\u00f1o.<\/p>\n<p>&nbsp;<\/p>\n<p>En <strong>territorio bonaerense<\/strong>, el censo anterior hab\u00eda dado 15.625.084 habitantes con lo que el <strong>aumento es de 12,4%<\/strong> al haber contado 17,5 millones de personas en el Censo 2022 -1,03% por a\u00f1o-.<\/p>\n<p>&nbsp;<\/p>\n","protected":false},"excerpt":{"rendered":"<p>Se mantuvo en la proporci\u00f3n de aumento poblacional de la naci\u00f3n y de la provincia. Implica un crecimiento de poco<\/p>\n","protected":false},"author":4,"featured_media":59989,"comment_status":"closed","ping_status":"closed","sticky":false,"template":"","format":"standard","meta":{"_jetpack_memberships_contains_paid_content":false,"footnotes":""},"categories":[5,1],"tags":[],"class_list":["post-75934","post","type-post","status-publish","format-standard","has-post-thumbnail","hentry","category-informacion-general","category-portada"],"jetpack_featured_media_url":"https:\/\/i0.wp.com\/cdnoticias.com\/wp-content\/uploads\/2022\/07\/DIB-Censo-1.jpg?fit=1040%2C780&ssl=1","jetpack_sharing_enabled":true,"_links":{"self":[{"href":"https:\/\/cdnoticias.com\/index.php\/wp-json\/wp\/v2\/posts\/75934","targetHints":{"allow":["GET"]}}],"collection":[{"href":"https:\/\/cdnoticias.com\/index.php\/wp-json\/wp\/v2\/posts"}],"about":[{"href":"https:\/\/cdnoticias.com\/index.php\/wp-json\/wp\/v2\/types\/post"}],"author":[{"embeddable":true,"href":"https:\/\/cdnoticias.com\/index.php\/wp-json\/wp\/v2\/users\/4"}],"replies":[{"embeddable":true,"href":"https:\/\/cdnoticias.com\/index.php\/wp-json\/wp\/v2\/comments?post=75934"}],"version-history":[{"count":0,"href":"https:\/\/cdnoticias.com\/index.php\/wp-json\/wp\/v2\/posts\/75934\/revisions"}],"wp:featuredmedia":[{"embeddable":true,"href":"https:\/\/cdnoticias.com\/index.php\/wp-json\/wp\/v2\/media\/59989"}],"wp:attachment":[{"href":"https:\/\/cdnoticias.com\/index.php\/wp-json\/wp\/v2\/media?parent=75934"}],"wp:term":[{"taxonomy":"category","embeddable":true,"href":"https:\/\/cdnoticias.com\/index.php\/wp-json\/wp\/v2\/categories?post=75934"},{"taxonomy":"post_tag","embeddable":true,"href":"https:\/\/cdnoticias.com\/index.php\/wp-json\/wp\/v2\/tags?post=75934"}],"curies":[{"name":"wp","href":"https:\/\/api.w.org\/{rel}","templated":true}]}}