{"id":75903,"date":"2023-01-31T18:51:57","date_gmt":"2023-01-31T21:51:57","guid":{"rendered":"https:\/\/www.centraldenoticias.com.ar\/?p=75903"},"modified":"2023-02-01T09:50:28","modified_gmt":"2023-02-01T12:50:28","slug":"resultados-provisionales-del-censo-2022-46-millones-de-argentinos-126-mil-olavarrienses","status":"publish","type":"post","link":"https:\/\/cdnoticias.com\/index.php\/2023\/01\/31\/resultados-provisionales-del-censo-2022-46-millones-de-argentinos-126-mil-olavarrienses\/","title":{"rendered":"Resultados provisionales del Censo 2022: 46 millones de argentinos, 126 mil olavarrienses"},"content":{"rendered":"<p>As\u00ed lo dio a conocer el Indec en la tarde de este martes. En la Provincia de Buenos Aires viven 17 millones y medio de personas: m\u00e1s de 10 s\u00f3lo en el conurbano. <!--more--><\/p>\n<hr \/>\n<p>El Gobierno Nacional y el Indec dieron a conocer, en la tarde de este martes,<strong> los resultados provisionales del Censo 2022, que dio cuenta de que en nuestro pa\u00eds viven 46.044.703 personas, mientras que en Olavarr\u00eda lo hacen poco m\u00e1s de 126 mil personas en todo el distrito.<\/strong><\/p>\n<p>&nbsp;<\/p>\n<p>Por ahora se brindaron pocos datos en torno al cuestionario respondido el 18 de mayo del a\u00f1o pasado: en concreto, se describi\u00f3 que del total de argentinos, <strong>el 51,76% son mujeres, el 48,22% son varones y el 0,02% se considera en el g\u00e9nero no binario.<\/strong><\/p>\n<p>&nbsp;<\/p>\n<blockquote><p>En materia de viviendas, hay 17.780.210 viviendas, y 25.501 viviendas colectivas.<\/p><\/blockquote>\n<p>&nbsp;<\/p>\n<p><strong>En la Provincia de Buenos Aires, en tanto, viven 17.569.053 bonaerenses<\/strong>, y de ese total m\u00e1s de 10 millones viven en distritos del conurbano: 6.703.871 pertenecen al \u201cinterior\u201d de la Provincia.<\/p>\n<p>&nbsp;<\/p>\n<p>All\u00ed aparece Olavarr\u00eda:<strong> seg\u00fan los datos relevados de forma preliminar, en nuestro distrito viven 126.328 personas en 51.896 viviendas particulares y 93 viviendas consideradas \u201ccolectivas\u201d.\u00a0<\/strong><\/p>\n","protected":false},"excerpt":{"rendered":"<p>As\u00ed lo dio a conocer el Indec en la tarde de este martes. En la Provincia de Buenos Aires viven<\/p>\n","protected":false},"author":2,"featured_media":26579,"comment_status":"closed","ping_status":"closed","sticky":false,"template":"","format":"standard","meta":{"_jetpack_memberships_contains_paid_content":false,"footnotes":""},"categories":[5,1],"tags":[],"class_list":["post-75903","post","type-post","status-publish","format-standard","has-post-thumbnail","hentry","category-informacion-general","category-portada"],"jetpack_featured_media_url":"https:\/\/i0.wp.com\/cdnoticias.com\/wp-content\/uploads\/2021\/07\/Vista-Drone-Olavarr%C3%ADa-1-1024x682-e1639251255800.jpg?fit=980%2C558&ssl=1","jetpack_sharing_enabled":true,"_links":{"self":[{"href":"https:\/\/cdnoticias.com\/index.php\/wp-json\/wp\/v2\/posts\/75903","targetHints":{"allow":["GET"]}}],"collection":[{"href":"https:\/\/cdnoticias.com\/index.php\/wp-json\/wp\/v2\/posts"}],"about":[{"href":"https:\/\/cdnoticias.com\/index.php\/wp-json\/wp\/v2\/types\/post"}],"author":[{"embeddable":true,"href":"https:\/\/cdnoticias.com\/index.php\/wp-json\/wp\/v2\/users\/2"}],"replies":[{"embeddable":true,"href":"https:\/\/cdnoticias.com\/index.php\/wp-json\/wp\/v2\/comments?post=75903"}],"version-history":[{"count":0,"href":"https:\/\/cdnoticias.com\/index.php\/wp-json\/wp\/v2\/posts\/75903\/revisions"}],"wp:featuredmedia":[{"embeddable":true,"href":"https:\/\/cdnoticias.com\/index.php\/wp-json\/wp\/v2\/media\/26579"}],"wp:attachment":[{"href":"https:\/\/cdnoticias.com\/index.php\/wp-json\/wp\/v2\/media?parent=75903"}],"wp:term":[{"taxonomy":"category","embeddable":true,"href":"https:\/\/cdnoticias.com\/index.php\/wp-json\/wp\/v2\/categories?post=75903"},{"taxonomy":"post_tag","embeddable":true,"href":"https:\/\/cdnoticias.com\/index.php\/wp-json\/wp\/v2\/tags?post=75903"}],"curies":[{"name":"wp","href":"https:\/\/api.w.org\/{rel}","templated":true}]}}