{"id":75881,"date":"2023-02-01T19:46:49","date_gmt":"2023-02-01T22:46:49","guid":{"rendered":"https:\/\/www.centraldenoticias.com.ar\/?p=75881"},"modified":"2023-02-01T19:46:49","modified_gmt":"2023-02-01T22:46:49","slug":"vergel-y-matrella-celebraron-el-plan-para-mejorar-el-tramite-de-certificacion-de-la-discapacidad","status":"publish","type":"post","link":"https:\/\/cdnoticias.com\/index.php\/2023\/02\/01\/vergel-y-matrella-celebraron-el-plan-para-mejorar-el-tramite-de-certificacion-de-la-discapacidad\/","title":{"rendered":"Vergel y Matrella celebraron el plan para mejorar el tr\u00e1mite de certificaci\u00f3n de la discapacidad"},"content":{"rendered":"<p>La medida informada este lunes por el Gobierno Nacional, surge a ra\u00edz de un proyecto presentado por los referentes de Evoluci\u00f3n Radical Carla Carrizo y Mart\u00edn Tetaz.<!--more--><\/p>\n<hr \/>\n<p>Este lunes se inform\u00f3 que el Gobierno Nacional lanzar\u00e1 un<strong> plan para mejorar el tr\u00e1mite de certificaci\u00f3n de la discapacidad,<\/strong> propuesta que surge a ra\u00edz de un Proyecto de Ley presentado por los diputados nacionales de la <strong>Uni\u00f3n C\u00edvica Radical, Carla Carrizo y Mart\u00edn Tetaz.<\/strong><\/p>\n<p>&nbsp;<\/p>\n<p>La iniciativa, tiene como objetivo remover obst\u00e1culos y allanar el camino en el <strong>acceso a los derechos que tienen las personas con discapacidad<\/strong> mediante el <strong>Certificado \u00danico de Discapacidad<\/strong> (CUD), sobre todo en situaciones m\u00e1s vulnerables cuando se trata de quienes presentan discapacidades permanentes e irreversibles.<\/p>\n<p>&nbsp;<\/p>\n<p>Al respecto, la concejal <strong>Bel\u00e9n Vergel celebr\u00f3 la medida<\/strong> y expres\u00f3 que desde el a\u00f1o pasado se viene trabajando en esta arista <em>\u201cluego de una iniciativa que tuvo Mart\u00edn Tetaz en donde se evalu\u00f3 cu\u00e1les eran los tr\u00e1mites m\u00e1s in\u00fatiles que est\u00e1bamos realizando, y uno de ellos era la renovaci\u00f3n del CUD\u201d.<\/em><\/p>\n<p>&nbsp;<\/p>\n<p>En esta misma l\u00ednea, manifest\u00f3 que \u201c<em>si bien a\u00fan no se sabe mucho al respecto sobre c\u00f3mo se implementar\u00e1, vemos que se empez\u00f3 a trabajar con esta tem\u00e1tica y a dar respuestas a algo que ya llevamos un tiempo visibiliz\u00e1ndolo a trav\u00e9s de diferentes tareas y labores y que era sumamente necesario que se revea la situaci\u00f3n para buscar soluciones\u201d.<\/em><\/p>\n<p>&nbsp;<\/p>\n<p>Adem\u00e1s, el edil <strong>Sebasti\u00e1n Matrella indic\u00f3:<\/strong> \u201c<em><strong>Hay que simplificarle la vida a la gente y terminar con la burocracia. Hay muchas personas que su discapacidad no va a revertirse, entonces por qu\u00e9 tener que someterlos a renovaciones con p\u00e9rdidas de tiempo, a ellos y a sus familias\u201d.<\/strong> <\/em><\/p>\n<p>&nbsp;<\/p>\n<p>Por \u00faltimo Matrella se\u00f1al\u00f3 que se tratan de medidas que \u201c<em><strong>favorecen mucho la vida de las personas en esta situaci\u00f3n por lo engorroso de los tr\u00e1mites\u201d.<\/strong><\/em><\/p>\n","protected":false},"excerpt":{"rendered":"<p>La medida informada este lunes por el Gobierno Nacional, surge a ra\u00edz de un proyecto presentado por los referentes de<\/p>\n","protected":false},"author":6,"featured_media":75882,"comment_status":"closed","ping_status":"closed","sticky":false,"template":"","format":"standard","meta":{"_jetpack_memberships_contains_paid_content":false,"footnotes":""},"categories":[4,1],"tags":[],"class_list":["post-75881","post","type-post","status-publish","format-standard","has-post-thumbnail","hentry","category-politica","category-portada"],"jetpack_featured_media_url":"https:\/\/i0.wp.com\/cdnoticias.com\/wp-content\/uploads\/2023\/01\/WJPRZ27K6RB25GBKQQLYT3QDK4.jpg?fit=1200%2C800&ssl=1","jetpack_sharing_enabled":true,"_links":{"self":[{"href":"https:\/\/cdnoticias.com\/index.php\/wp-json\/wp\/v2\/posts\/75881","targetHints":{"allow":["GET"]}}],"collection":[{"href":"https:\/\/cdnoticias.com\/index.php\/wp-json\/wp\/v2\/posts"}],"about":[{"href":"https:\/\/cdnoticias.com\/index.php\/wp-json\/wp\/v2\/types\/post"}],"author":[{"embeddable":true,"href":"https:\/\/cdnoticias.com\/index.php\/wp-json\/wp\/v2\/users\/6"}],"replies":[{"embeddable":true,"href":"https:\/\/cdnoticias.com\/index.php\/wp-json\/wp\/v2\/comments?post=75881"}],"version-history":[{"count":0,"href":"https:\/\/cdnoticias.com\/index.php\/wp-json\/wp\/v2\/posts\/75881\/revisions"}],"wp:featuredmedia":[{"embeddable":true,"href":"https:\/\/cdnoticias.com\/index.php\/wp-json\/wp\/v2\/media\/75882"}],"wp:attachment":[{"href":"https:\/\/cdnoticias.com\/index.php\/wp-json\/wp\/v2\/media?parent=75881"}],"wp:term":[{"taxonomy":"category","embeddable":true,"href":"https:\/\/cdnoticias.com\/index.php\/wp-json\/wp\/v2\/categories?post=75881"},{"taxonomy":"post_tag","embeddable":true,"href":"https:\/\/cdnoticias.com\/index.php\/wp-json\/wp\/v2\/tags?post=75881"}],"curies":[{"name":"wp","href":"https:\/\/api.w.org\/{rel}","templated":true}]}}