{"id":75875,"date":"2023-02-01T19:08:07","date_gmt":"2023-02-01T22:08:07","guid":{"rendered":"https:\/\/www.centraldenoticias.com.ar\/?p=75875"},"modified":"2023-02-01T19:08:07","modified_gmt":"2023-02-01T22:08:07","slug":"estamos-conformando-nuestra-planta-de-clasificacion-y-de-compostaje","status":"publish","type":"post","link":"https:\/\/cdnoticias.com\/index.php\/2023\/02\/01\/estamos-conformando-nuestra-planta-de-clasificacion-y-de-compostaje\/","title":{"rendered":"&#8220;Estamos conformando nuestra planta de clasificaci\u00f3n y de compostaje&#8221;"},"content":{"rendered":"<p>Lo indic\u00f3 el intendente Ezequiel Galli tras visitar el predio del Relleno Sanitarios donde se desarrollan obras de ampliaci\u00f3n y construcci\u00f3n en el marco del Programa Giro.<!--more--><\/p>\n<hr \/>\n<p>En la jornada de este martes, el <strong>intendente Ezequiel Galli<\/strong> visit\u00f3 el predio del <strong>Relleno Sanitario,<\/strong> en el cual se desarrollan <strong>obras de ampliaci\u00f3n y construcci\u00f3n en el marco del Programa Giro.<\/strong><\/p>\n<p>&nbsp;<\/p>\n<p><em><strong>\u201cCon el Programa GIRO hicimos primero el trabajo en territorio y producto de ello estamos conformando nuestra planta de clasificaci\u00f3n y de compostaje, acorde a las necesidades de la ciudad\u201d<\/strong> <\/em>manifest\u00f3 el Intendente al respecto de la ampliaci\u00f3n de las futuras Plantas Industriales de Clasificaci\u00f3n y Compostaje.<\/p>\n<p>&nbsp;<\/p>\n<p><img data-recalc-dims=\"1\" loading=\"lazy\" decoding=\"async\" class=\"aligncenter wp-image-75876 size-full\" src=\"https:\/\/i0.wp.com\/cdnoticias.com\/wp-content\/uploads\/2023\/01\/DE-Visita-Relleno-Planta-Giro-5.jpg?resize=640%2C427&#038;ssl=1\" alt=\"\" width=\"640\" height=\"427\" srcset=\"https:\/\/i0.wp.com\/cdnoticias.com\/wp-content\/uploads\/2023\/01\/DE-Visita-Relleno-Planta-Giro-5.jpg?w=640&amp;ssl=1 640w, https:\/\/i0.wp.com\/cdnoticias.com\/wp-content\/uploads\/2023\/01\/DE-Visita-Relleno-Planta-Giro-5.jpg?resize=300%2C200&amp;ssl=1 300w, https:\/\/i0.wp.com\/cdnoticias.com\/wp-content\/uploads\/2023\/01\/DE-Visita-Relleno-Planta-Giro-5.jpg?resize=272%2C182&amp;ssl=1 272w\" sizes=\"auto, (max-width: 640px) 100vw, 640px\" \/><\/p>\n<p>&nbsp;<\/p>\n<p>&#8220;En las \u00faltimas semanas, <a href=\"https:\/\/cdnoticias.com\/index.php\/2023\/01\/22\/llego-nueva-maquinaria-industrial-para-la-planta-de-clasificacion-y-compostaje\/\" target=\"_blank\" rel=\"noopener\">arribaron los equipos adquiridos<\/a>, lo que representa un importante avance en materia de gesti\u00f3n de residuos para Olavarr\u00eda. Adem\u00e1s,<strong> comenz\u00f3 la construcci\u00f3n de un sal\u00f3n de usos m\u00faltiples y vestuarios,<\/strong> para la mejora en las<strong> condiciones de trabajo del personal<\/strong> que actualmente se desempe\u00f1a en la planta&#8221; indicaron.<\/p>\n<p>&nbsp;<\/p>\n<p>En la recorrida, Galli estuvo acompa\u00f1ado por los secretarios de Desarrollo Econ\u00f3mico Julio Valetutto y de Obras P\u00fablicas Julio Ferraro; la subsecretaria de Empresas e Inversiones Emilia D\u00edaz, Gustavo N\u00fa\u00f1ez de la Direcci\u00f3n de Desarrollo Sustentable e integrantes del equipo GIRO.<\/p>\n<p>&nbsp;<\/p>\n<blockquote class=\"wp-embedded-content\" data-secret=\"Sb3hTAKPot\"><p><a href=\"https:\/\/cdnoticias.com\/index.php\/2023\/01\/22\/llego-nueva-maquinaria-industrial-para-la-planta-de-clasificacion-y-compostaje\/\">Lleg\u00f3 nueva maquinaria industrial para la Planta de Clasificaci\u00f3n y Compostaje<\/a><\/p><\/blockquote>\n<p><iframe loading=\"lazy\" class=\"wp-embedded-content\" sandbox=\"allow-scripts\" security=\"restricted\" style=\"position: absolute; clip: rect(1px, 1px, 1px, 1px);\" title=\"&#8220;Lleg\u00f3 nueva maquinaria industrial para la Planta de Clasificaci\u00f3n y Compostaje&#8221; &#8212; Central de Noticias | Olavarr\u00eda\" src=\"https:\/\/cdnoticias.com\/index.php\/2023\/01\/22\/llego-nueva-maquinaria-industrial-para-la-planta-de-clasificacion-y-compostaje\/embed\/#?secret=NyWi4mwMJw#?secret=Sb3hTAKPot\" data-secret=\"Sb3hTAKPot\" width=\"600\" height=\"338\" frameborder=\"0\" marginwidth=\"0\" marginheight=\"0\" scrolling=\"no\"><\/iframe><\/p>\n<p>&nbsp;<\/p>\n","protected":false},"excerpt":{"rendered":"<p>Lo indic\u00f3 el intendente Ezequiel Galli tras visitar el predio del Relleno Sanitarios donde se desarrollan obras de ampliaci\u00f3n y<\/p>\n","protected":false},"author":6,"featured_media":75877,"comment_status":"closed","ping_status":"closed","sticky":false,"template":"","format":"standard","meta":{"_jetpack_memberships_contains_paid_content":false,"footnotes":""},"categories":[5,1],"tags":[],"class_list":["post-75875","post","type-post","status-publish","format-standard","has-post-thumbnail","hentry","category-informacion-general","category-portada"],"jetpack_featured_media_url":"https:\/\/i0.wp.com\/cdnoticias.com\/wp-content\/uploads\/2023\/01\/DE-Visita-Relleno-Planta-Giro-4.jpg?fit=640%2C427&ssl=1","jetpack_sharing_enabled":true,"_links":{"self":[{"href":"https:\/\/cdnoticias.com\/index.php\/wp-json\/wp\/v2\/posts\/75875","targetHints":{"allow":["GET"]}}],"collection":[{"href":"https:\/\/cdnoticias.com\/index.php\/wp-json\/wp\/v2\/posts"}],"about":[{"href":"https:\/\/cdnoticias.com\/index.php\/wp-json\/wp\/v2\/types\/post"}],"author":[{"embeddable":true,"href":"https:\/\/cdnoticias.com\/index.php\/wp-json\/wp\/v2\/users\/6"}],"replies":[{"embeddable":true,"href":"https:\/\/cdnoticias.com\/index.php\/wp-json\/wp\/v2\/comments?post=75875"}],"version-history":[{"count":0,"href":"https:\/\/cdnoticias.com\/index.php\/wp-json\/wp\/v2\/posts\/75875\/revisions"}],"wp:featuredmedia":[{"embeddable":true,"href":"https:\/\/cdnoticias.com\/index.php\/wp-json\/wp\/v2\/media\/75877"}],"wp:attachment":[{"href":"https:\/\/cdnoticias.com\/index.php\/wp-json\/wp\/v2\/media?parent=75875"}],"wp:term":[{"taxonomy":"category","embeddable":true,"href":"https:\/\/cdnoticias.com\/index.php\/wp-json\/wp\/v2\/categories?post=75875"},{"taxonomy":"post_tag","embeddable":true,"href":"https:\/\/cdnoticias.com\/index.php\/wp-json\/wp\/v2\/tags?post=75875"}],"curies":[{"name":"wp","href":"https:\/\/api.w.org\/{rel}","templated":true}]}}