{"id":75835,"date":"2023-01-31T16:28:01","date_gmt":"2023-01-31T19:28:01","guid":{"rendered":"https:\/\/www.centraldenoticias.com.ar\/?p=75835"},"modified":"2023-01-31T18:56:25","modified_gmt":"2023-01-31T21:56:25","slug":"corsos-2023-fuertes-denuncias-de-agrupaciones-carnavaleras","status":"publish","type":"post","link":"https:\/\/cdnoticias.com\/index.php\/2023\/01\/31\/corsos-2023-fuertes-denuncias-de-agrupaciones-carnavaleras\/","title":{"rendered":"Corsos 2023: Fuertes denuncias de agrupaciones carnavaleras"},"content":{"rendered":"<p>\u201cEl color de tu coraz\u00f3n\u201d y \u201cComodines de Febrero\u201d se manifestaron ante la imposibilidad de participar del evento. Hablaron de \u201ccuestiones pol\u00edticas\u201d y del pedido de presentaci\u00f3n de \u201cboletas truchas\u201d. Fueron recibidos por el director de \u00e1rea Mariano Sarthou aunque indicaron que \u201cno hubo avances\u201d.<!--more--><\/p>\n<hr \/>\n<p>Alrededor de las 9:00 de la ma\u00f1ana de este martes integrantes de la <strong>batucada \u201cEl color de tu coraz\u00f3n\u201d<\/strong> y de la <strong>murga \u201cComodines de Febrero\u201d<\/strong> se convocaron frente a la sede de la Casa de la Cultura, acompa\u00f1ados por referentes del MTE Espacios P\u00fablicos.<\/p>\n<p>&nbsp;<\/p>\n<p>El motivo de la concentraci\u00f3n fue reclamar por la participaci\u00f3n en los <strong>Corsos Oficiales 2023.<\/strong> Fueron recibidos por el <strong>director de Cultura, Mariano Sarthou<\/strong>, y tras una larga reuni\u00f3n los manifestantes se\u00f1alaron que<strong> \u201csigue todo igual\u201d.<\/strong><\/p>\n<p>&nbsp;<\/p>\n<p><strong>\u201cNo nos merecemos esto\u201d<\/strong><\/p>\n<p>&nbsp;<\/p>\n<p><strong>Hugo Mu\u00f1oz, director de la batucada<\/strong> cont\u00f3\u00a0que \u201cno nos dejan participar de los Corsos Oficiales 2023 porque<strong> seg\u00fan una empleada de Cultura no estamos ensayando en el galp\u00f3n del cors\u00f3dromo.<\/strong> Yo le expliqu\u00e9 que no ensayamos ah\u00ed porque est\u00e1 en obra y ensayamos cuando podemos en la casa de uno de los referentes de la batuca\u201d.<\/p>\n<p>&nbsp;<\/p>\n<p>Seg\u00fan indicaron, la empleada del \u00e1rea oficia de <strong>interlocutora con las agrupaciones que realizan actividades en los galpones ubicados en el Cors\u00f3dromo.<\/strong> \u201cMe dijo: tengo dos noticias, la mala que no vas a poder participar de los corsos y la buena que me iba a dar un puesto de espuma o de comida\u201d, indic\u00f3 Mu\u00f1oz.<\/p>\n<p>&nbsp;<\/p>\n<p><img data-recalc-dims=\"1\" loading=\"lazy\" decoding=\"async\" class=\"aligncenter size-full wp-image-75846\" src=\"https:\/\/i0.wp.com\/cdnoticias.com\/wp-content\/uploads\/2023\/01\/hugo-munoz-batucada.jpg?resize=800%2C445&#038;ssl=1\" alt=\"\" width=\"800\" height=\"445\" srcset=\"https:\/\/i0.wp.com\/cdnoticias.com\/wp-content\/uploads\/2023\/01\/hugo-munoz-batucada.jpg?w=1600&amp;ssl=1 1600w, https:\/\/i0.wp.com\/cdnoticias.com\/wp-content\/uploads\/2023\/01\/hugo-munoz-batucada.jpg?resize=300%2C167&amp;ssl=1 300w, https:\/\/i0.wp.com\/cdnoticias.com\/wp-content\/uploads\/2023\/01\/hugo-munoz-batucada.jpg?resize=1024%2C570&amp;ssl=1 1024w, https:\/\/i0.wp.com\/cdnoticias.com\/wp-content\/uploads\/2023\/01\/hugo-munoz-batucada.jpg?resize=768%2C427&amp;ssl=1 768w, https:\/\/i0.wp.com\/cdnoticias.com\/wp-content\/uploads\/2023\/01\/hugo-munoz-batucada.jpg?resize=1536%2C854&amp;ssl=1 1536w, https:\/\/i0.wp.com\/cdnoticias.com\/wp-content\/uploads\/2023\/01\/hugo-munoz-batucada.jpg?resize=800%2C445&amp;ssl=1 800w\" sizes=\"auto, (max-width: 800px) 100vw, 800px\" \/><\/p>\n<p>&nbsp;<\/p>\n<blockquote><p>Mu\u00f1oz asegur\u00f3 que \u201cno estoy interesado en un puesto de espuma o de comida. Estoy interesado en participar porque hace 19 a\u00f1os que estamos present\u00e1ndonos en los carnavales y creo que no nos merecemos esto. Somos una agrupaci\u00f3n muy humilde, nadie sabe el trabajo que hacemos\u201d.<\/p><\/blockquote>\n<p>&nbsp;<\/p>\n<p>Luego de la negativa a participar, Mu\u00f1oz indic\u00f3 que <strong>intent\u00f3 hablar con Bruno Cenizo<\/strong>, subsecretario de Cultura pero <strong>\u201cme dijeron que no estaba\u201d.<\/strong><\/p>\n<p>&nbsp;<\/p>\n<p>Es as\u00ed, que recurri\u00f3 a hablar con el <strong>secretario de Desarrollo Humano y Calidad de Vida Diego Robbiani.<\/strong> \u201cTuvimos un intercambio de palabras y me dijo que me estaban siguiendo hace un a\u00f1o y medio, que yo no iba a ensayar al cors\u00f3dromo. Hay agrupaciones que ensayan casi todos los d\u00edas porque van a competir a nivel provincial y nacional, nuestro grupo es chico y no ensayamos todo el a\u00f1o por dos d\u00edas de carnaval\u201d.<\/p>\n<p>&nbsp;<\/p>\n<blockquote><p>\u201cCada grupo recibe un subsidio diferente, a nosotros nos correspond\u00eda 120 mil pesos que para estas fechas no es nada. M\u00e1s all\u00e1 de que no nos dieron el subsidio, nosotros queremos participar\u201d, afirm\u00f3.<\/p><\/blockquote>\n<p>&nbsp;<\/p>\n<p><img data-recalc-dims=\"1\" loading=\"lazy\" decoding=\"async\" class=\"aligncenter size-full wp-image-75842\" src=\"https:\/\/i0.wp.com\/cdnoticias.com\/wp-content\/uploads\/2023\/01\/protesta-corsos-oficiales-03.jpg?resize=800%2C1067&#038;ssl=1\" alt=\"\" width=\"800\" height=\"1067\" srcset=\"https:\/\/i0.wp.com\/cdnoticias.com\/wp-content\/uploads\/2023\/01\/protesta-corsos-oficiales-03.jpg?w=1200&amp;ssl=1 1200w, https:\/\/i0.wp.com\/cdnoticias.com\/wp-content\/uploads\/2023\/01\/protesta-corsos-oficiales-03.jpg?resize=225%2C300&amp;ssl=1 225w, https:\/\/i0.wp.com\/cdnoticias.com\/wp-content\/uploads\/2023\/01\/protesta-corsos-oficiales-03.jpg?resize=768%2C1024&amp;ssl=1 768w, https:\/\/i0.wp.com\/cdnoticias.com\/wp-content\/uploads\/2023\/01\/protesta-corsos-oficiales-03.jpg?resize=1152%2C1536&amp;ssl=1 1152w\" sizes=\"auto, (max-width: 800px) 100vw, 800px\" \/><\/p>\n<p>&nbsp;<\/p>\n<p><strong>El encuentro con el director de Cultura<\/strong><\/p>\n<p>&nbsp;<\/p>\n<p>Luego de la reuni\u00f3n con Sarthou, Mu\u00f1oz se\u00f1al\u00f3 que <strong>\u201cseguimos esperando una respuesta, nos dijo que lo va a hablar m\u00e1s arriba\u201d<\/strong> y agreg\u00f3: <strong>\u201cvamos a seguir con la protesta, supuestamente no es nada pol\u00edtico, pero para m\u00ed s\u00ed que es pol\u00edtico y personal\u201d.<\/strong><\/p>\n<p>&nbsp;<\/p>\n<p>Seg\u00fan narr\u00f3 Mu\u00f1oz, durante la reuni\u00f3n de este martes <strong>present\u00f3 audios y una denuncia contra la empleada de Cultura<\/strong> ya que &#8220;cuando nos vino a ofrecer un puesto de espuma me dijo que <strong>era para m\u00ed, no para el MTE<\/strong>\u201d.<a href=\"https:\/\/cdnoticias.com\/index.php\/2023\/01\/30\/no-los-dejan-participar-en-los-corsos-2023-y-se-van-a-manifestar-en-las-calles\/\" target=\"_blank\" rel=\"noopener\"> A partir de este hecho, es que el integrante de la batuca infiere que <strong>&#8220;hay una cuesti\u00f3n pol\u00edtica&#8221;.<\/strong><\/a><\/p>\n<p>&nbsp;<\/p>\n<p>Adem\u00e1s, Sarthou \u201cdice que es una falta de respeto para los grupos que han venido ensayando durante todo el a\u00f1o. <strong>Dice que el a\u00f1o pasado lo nuestro fue flaco<\/strong>\u201d.<\/p>\n<p>&nbsp;<\/p>\n<p><img data-recalc-dims=\"1\" loading=\"lazy\" decoding=\"async\" class=\"aligncenter size-full wp-image-75847\" src=\"https:\/\/i0.wp.com\/cdnoticias.com\/wp-content\/uploads\/2023\/01\/ricucci-aizpuru-comodines-de-febrero.jpg?resize=800%2C445&#038;ssl=1\" alt=\"\" width=\"800\" height=\"445\" srcset=\"https:\/\/i0.wp.com\/cdnoticias.com\/wp-content\/uploads\/2023\/01\/ricucci-aizpuru-comodines-de-febrero.jpg?w=1600&amp;ssl=1 1600w, https:\/\/i0.wp.com\/cdnoticias.com\/wp-content\/uploads\/2023\/01\/ricucci-aizpuru-comodines-de-febrero.jpg?resize=300%2C167&amp;ssl=1 300w, https:\/\/i0.wp.com\/cdnoticias.com\/wp-content\/uploads\/2023\/01\/ricucci-aizpuru-comodines-de-febrero.jpg?resize=1024%2C570&amp;ssl=1 1024w, https:\/\/i0.wp.com\/cdnoticias.com\/wp-content\/uploads\/2023\/01\/ricucci-aizpuru-comodines-de-febrero.jpg?resize=768%2C427&amp;ssl=1 768w, https:\/\/i0.wp.com\/cdnoticias.com\/wp-content\/uploads\/2023\/01\/ricucci-aizpuru-comodines-de-febrero.jpg?resize=1536%2C854&amp;ssl=1 1536w, https:\/\/i0.wp.com\/cdnoticias.com\/wp-content\/uploads\/2023\/01\/ricucci-aizpuru-comodines-de-febrero.jpg?resize=800%2C445&amp;ssl=1 800w\" sizes=\"auto, (max-width: 800px) 100vw, 800px\" \/><\/p>\n<p>&nbsp;<\/p>\n<p><strong>&#8220;Nos pidieron boletas truchas&#8221;<\/strong><\/p>\n<p>&nbsp;<\/p>\n<p>Por su parte, <strong>Noelia Ricucci y Sof\u00eda Aizpur\u00fa, integrantes de Comodines de Febrero<\/strong> indicaron que \u201csi no cobramos el subsidio no nos podemos presentar en los carnavales. Nos quer\u00edan arreglar con un puesto de espuma\u201d.<\/p>\n<p>&nbsp;<\/p>\n<p>Antes del encuentro con el funcionario municipal se\u00f1alaron a los medios que <strong>\u201cnos pidieron boletas truchas ya que en 2020 le dieron la mitad del subsidio al director anterior y \u00e9l no present\u00f3 ninguna boleta\u201d.<\/strong><\/p>\n<p>&nbsp;<\/p>\n<p>Aclararon que el ex director de la agrupaci\u00f3n carnavalera fue desvinculado de la agrupaci\u00f3n hace dos a\u00f1os y que desde la Municipalidad est\u00e1n al tanto de este tema.<\/p>\n<p>&nbsp;<\/p>\n<p><img data-recalc-dims=\"1\" loading=\"lazy\" decoding=\"async\" class=\"aligncenter size-full wp-image-75843\" src=\"https:\/\/i0.wp.com\/cdnoticias.com\/wp-content\/uploads\/2023\/01\/protesta-corsos-oficiales-02.jpg?resize=800%2C445&#038;ssl=1\" alt=\"\" width=\"800\" height=\"445\" srcset=\"https:\/\/i0.wp.com\/cdnoticias.com\/wp-content\/uploads\/2023\/01\/protesta-corsos-oficiales-02.jpg?w=1600&amp;ssl=1 1600w, https:\/\/i0.wp.com\/cdnoticias.com\/wp-content\/uploads\/2023\/01\/protesta-corsos-oficiales-02.jpg?resize=300%2C167&amp;ssl=1 300w, https:\/\/i0.wp.com\/cdnoticias.com\/wp-content\/uploads\/2023\/01\/protesta-corsos-oficiales-02.jpg?resize=1024%2C570&amp;ssl=1 1024w, https:\/\/i0.wp.com\/cdnoticias.com\/wp-content\/uploads\/2023\/01\/protesta-corsos-oficiales-02.jpg?resize=768%2C427&amp;ssl=1 768w, https:\/\/i0.wp.com\/cdnoticias.com\/wp-content\/uploads\/2023\/01\/protesta-corsos-oficiales-02.jpg?resize=1536%2C854&amp;ssl=1 1536w, https:\/\/i0.wp.com\/cdnoticias.com\/wp-content\/uploads\/2023\/01\/protesta-corsos-oficiales-02.jpg?resize=800%2C445&amp;ssl=1 800w\" sizes=\"auto, (max-width: 800px) 100vw, 800px\" \/><\/p>\n<p>&nbsp;<\/p>\n<p>Seg\u00fan lo expuesto por las integrantes de la murga, la empleada de cultura <strong>&#8220;nos dijo que el subsidio estaba, pero no lo \u00edbamos a poder cobrar, que la opci\u00f3n que ten\u00edamos era un kiosco de espuma o de comida\u201d.<\/strong><\/p>\n<p>&nbsp;<\/p>\n<p>\u201cTodo esto fue a \u00faltimo momento, el cheque del subsidio por 120 mil pesos est\u00e1, la plata est\u00e1 pero <strong>no se nos entrega hasta que nosotros entreguemos el justificativo para saber en qu\u00e9 se gast\u00f3 el subsidio anterior<\/strong>\u201d, concluyeron.<\/p>\n<p>&nbsp;<\/p>\n","protected":false},"excerpt":{"rendered":"<p>\u201cEl color de tu coraz\u00f3n\u201d y \u201cComodines de Febrero\u201d se manifestaron ante la imposibilidad de participar del evento. Hablaron de<\/p>\n","protected":false},"author":5,"featured_media":75844,"comment_status":"closed","ping_status":"closed","sticky":false,"template":"","format":"standard","meta":{"_jetpack_memberships_contains_paid_content":false,"footnotes":""},"categories":[9,1],"tags":[],"class_list":["post-75835","post","type-post","status-publish","format-standard","has-post-thumbnail","hentry","category-cultura","category-portada"],"jetpack_featured_media_url":"https:\/\/i0.wp.com\/cdnoticias.com\/wp-content\/uploads\/2023\/01\/protesta-corsos-oficiales-00.jpg?fit=1600%2C890&ssl=1","jetpack_sharing_enabled":true,"_links":{"self":[{"href":"https:\/\/cdnoticias.com\/index.php\/wp-json\/wp\/v2\/posts\/75835","targetHints":{"allow":["GET"]}}],"collection":[{"href":"https:\/\/cdnoticias.com\/index.php\/wp-json\/wp\/v2\/posts"}],"about":[{"href":"https:\/\/cdnoticias.com\/index.php\/wp-json\/wp\/v2\/types\/post"}],"author":[{"embeddable":true,"href":"https:\/\/cdnoticias.com\/index.php\/wp-json\/wp\/v2\/users\/5"}],"replies":[{"embeddable":true,"href":"https:\/\/cdnoticias.com\/index.php\/wp-json\/wp\/v2\/comments?post=75835"}],"version-history":[{"count":0,"href":"https:\/\/cdnoticias.com\/index.php\/wp-json\/wp\/v2\/posts\/75835\/revisions"}],"wp:featuredmedia":[{"embeddable":true,"href":"https:\/\/cdnoticias.com\/index.php\/wp-json\/wp\/v2\/media\/75844"}],"wp:attachment":[{"href":"https:\/\/cdnoticias.com\/index.php\/wp-json\/wp\/v2\/media?parent=75835"}],"wp:term":[{"taxonomy":"category","embeddable":true,"href":"https:\/\/cdnoticias.com\/index.php\/wp-json\/wp\/v2\/categories?post=75835"},{"taxonomy":"post_tag","embeddable":true,"href":"https:\/\/cdnoticias.com\/index.php\/wp-json\/wp\/v2\/tags?post=75835"}],"curies":[{"name":"wp","href":"https:\/\/api.w.org\/{rel}","templated":true}]}}