{"id":75804,"date":"2023-01-30T20:39:12","date_gmt":"2023-01-30T23:39:12","guid":{"rendered":"https:\/\/www.centraldenoticias.com.ar\/?p=75804"},"modified":"2023-01-31T08:49:27","modified_gmt":"2023-01-31T11:49:27","slug":"no-los-dejan-participar-en-los-corsos-2023-y-se-van-a-manifestar-en-las-calles","status":"publish","type":"post","link":"https:\/\/cdnoticias.com\/index.php\/2023\/01\/30\/no-los-dejan-participar-en-los-corsos-2023-y-se-van-a-manifestar-en-las-calles\/","title":{"rendered":"No los dejan participar en los Corsos 2023 y se van a manifestar en las calles"},"content":{"rendered":"<p>Se trata de la batucada &#8220;El color de tu coraz\u00f3n&#8221;. Hugo Mu\u00f1oz, referente de la agrupaci\u00f3n expres\u00f3 que &#8220;hasta ahora no tuvimos ninguna respuesta&#8221;. <!--more--><\/p>\n<hr \/>\n<p>La <strong>batucada<\/strong> &#8220;<em><strong>El color de tu coraz\u00f3n&#8221;<\/strong><\/em> denunci\u00f3 que &#8220;<strong>el Municipio no los deja participar en los Corsos 2023&#8243;<\/strong> que se desarrollar\u00e1n el<strong> 10, 11 y 12 de febrero.<\/strong><\/p>\n<p>&nbsp;<\/p>\n<p><em>Central de Noticias<\/em> dialog\u00f3 con<strong> Hugo Mu\u00f1oz,<\/strong> <strong>referente de la agrupaci\u00f3n<\/strong> quien cont\u00f3 que &#8220;<em><strong>hasta ahora no tuvimos ninguna respuesta. Ma\u00f1ana vamos con los chicos a hacer un reclamo pac\u00edfico a Cultura y a la Municipalidad alrededor de las 9 de la ma\u00f1ana&#8221;.<\/strong><\/em><\/p>\n<p>&nbsp;<\/p>\n<p>Mu\u00f1oz relat\u00f3 que &#8220;nosotros tenemos el espacio en el galp\u00f3n del Cors\u00f3dromo y ahora est\u00e1 en reformas. Entonces no estamos ensayando ah\u00ed&#8221;. En relaci\u00f3n a esto \u00faltimo, Mu\u00f1oz agreg\u00f3 que una trabajadora de Cultura <em><strong>&#8220;nos comunic\u00f3 que no \u00edbamos a participar porque ese espacio era para los ensayos. Le dije que los chicos ensayaban en el barrio y en la casa de uno de los chicos y entonces me dijo que el tema no era as\u00ed\u201d.<\/strong><\/em><\/p>\n<p>&nbsp;<\/p>\n<blockquote><p>Adem\u00e1s, expres\u00f3 que &#8220;nosotros no ten\u00edamos que ensayar todo el a\u00f1o. No somos como otras agrupaciones tan grandes. Somos una agrupaci\u00f3n chica de 20 integrantes. Tuvimos una reuni\u00f3n en Cultura el mi\u00e9rcoles pasado y me dijeron que no nos iban a dejar participar, pero pod\u00eda poner un puesto de comida o espuma. Yo lo que quiero es pasar\u201d.<\/p><\/blockquote>\n<p>&nbsp;<\/p>\n<p><em>&#8220;El color de tu coraz\u00f3n&#8221;<\/em> comenz\u00f3 en <strong>2004<\/strong> y particip\u00f3 de todos los corsos anteriores en Olavarr\u00eda: &#8220;<strong>Cuando llam\u00e9 al Municipio me dijeron que no me ten\u00eda que anotar porque ya me contaban como agrupaci\u00f3n que participaba.<\/strong> La semana pasada me comunicaron esto as\u00ed que estamos viendo que va a pasar\u201d se\u00f1al\u00f3 Mu\u00f1oz y agreg\u00f3 que &#8220;<em><strong> ya hab\u00edamos invertido en indumentaria con un gasto de 60 mil pesos&#8221;.<\/strong><\/em><\/p>\n<p>&nbsp;<\/p>\n<p>Por \u00faltimo, Mu\u00f1oz remarc\u00f3 que <em><strong>&#8220;la mano tambi\u00e9n viene porque yo le di el lugar para que guardaran los stands a los del MTE. Ellos hacen ferias y me parece bien, porque es un espacio que lo est\u00e1n utilizando y no se hacia nada. La gente se gana la vida ah\u00ed. Entonces yo les di permiso para usarlo y por ah\u00ed tambi\u00e9n viene la bronca\u201d.<\/strong><\/em><\/p>\n<p>&nbsp;<\/p>\n<p>&nbsp;<\/p>\n<p>&nbsp;<\/p>\n<p>&nbsp;<\/p>\n","protected":false},"excerpt":{"rendered":"<p>Se trata de la batucada &#8220;El color de tu coraz\u00f3n&#8221;. Hugo Mu\u00f1oz, referente de la agrupaci\u00f3n expres\u00f3 que &#8220;hasta ahora<\/p>\n","protected":false},"author":6,"featured_media":75809,"comment_status":"closed","ping_status":"closed","sticky":false,"template":"","format":"standard","meta":{"_jetpack_memberships_contains_paid_content":false,"footnotes":""},"categories":[9,1],"tags":[],"class_list":["post-75804","post","type-post","status-publish","format-standard","has-post-thumbnail","hentry","category-cultura","category-portada"],"jetpack_featured_media_url":"https:\/\/i0.wp.com\/cdnoticias.com\/wp-content\/uploads\/2023\/01\/WhatsApp-Image-2023-01-30-at-19.52.47.jpeg?fit=1201%2C1600&ssl=1","jetpack_sharing_enabled":true,"_links":{"self":[{"href":"https:\/\/cdnoticias.com\/index.php\/wp-json\/wp\/v2\/posts\/75804","targetHints":{"allow":["GET"]}}],"collection":[{"href":"https:\/\/cdnoticias.com\/index.php\/wp-json\/wp\/v2\/posts"}],"about":[{"href":"https:\/\/cdnoticias.com\/index.php\/wp-json\/wp\/v2\/types\/post"}],"author":[{"embeddable":true,"href":"https:\/\/cdnoticias.com\/index.php\/wp-json\/wp\/v2\/users\/6"}],"replies":[{"embeddable":true,"href":"https:\/\/cdnoticias.com\/index.php\/wp-json\/wp\/v2\/comments?post=75804"}],"version-history":[{"count":0,"href":"https:\/\/cdnoticias.com\/index.php\/wp-json\/wp\/v2\/posts\/75804\/revisions"}],"wp:featuredmedia":[{"embeddable":true,"href":"https:\/\/cdnoticias.com\/index.php\/wp-json\/wp\/v2\/media\/75809"}],"wp:attachment":[{"href":"https:\/\/cdnoticias.com\/index.php\/wp-json\/wp\/v2\/media?parent=75804"}],"wp:term":[{"taxonomy":"category","embeddable":true,"href":"https:\/\/cdnoticias.com\/index.php\/wp-json\/wp\/v2\/categories?post=75804"},{"taxonomy":"post_tag","embeddable":true,"href":"https:\/\/cdnoticias.com\/index.php\/wp-json\/wp\/v2\/tags?post=75804"}],"curies":[{"name":"wp","href":"https:\/\/api.w.org\/{rel}","templated":true}]}}