{"id":75778,"date":"2023-01-30T17:04:37","date_gmt":"2023-01-30T20:04:37","guid":{"rendered":"https:\/\/www.centraldenoticias.com.ar\/?p=75778"},"modified":"2023-01-30T17:04:37","modified_gmt":"2023-01-30T20:04:37","slug":"corte-de-transito-por-una-obra-de-ampliacion-de-red-cloacal","status":"publish","type":"post","link":"https:\/\/cdnoticias.com\/index.php\/2023\/01\/30\/corte-de-transito-por-una-obra-de-ampliacion-de-red-cloacal\/","title":{"rendered":"Corte de tr\u00e1nsito por una obra de ampliaci\u00f3n de red cloacal"},"content":{"rendered":"<p>Se trata del acceso a la avenida Sarmiento por Pringles. Estar\u00e1 cortado durante todo el lunes. <!--more--><\/p>\n<hr \/>\n<p>Informado por el Municipio este lunes, <strong>por una obra de ampliaci\u00f3n de red cloacal en el barrio Hip\u00f3lito Yrigoyen se encuentra cortado al tr\u00e1nsito la avenida Sarmiento en su ingreso desde avenida Pringles.<\/strong><\/p>\n<p>&nbsp;<\/p>\n<blockquote><p>Esto fue se\u00f1alado por el \u00e1rea de Seguridad e Higiene debido a las tareas de la empresa Atak \u201cen el marco de la obra de ampliaci\u00f3n de red cloacal en el Barrio Hip\u00f3lito Yrigoyen\u201d.<\/p><\/blockquote>\n<p>&nbsp;<\/p>\n<p><strong>Dicha interrupci\u00f3n permanecer\u00e1 durante todo el d\u00eda<\/strong>, y se solicit\u00f3 circular con precauci\u00f3n y respetar las indicaciones pertinentes.<\/p>\n","protected":false},"excerpt":{"rendered":"<p>Se trata del acceso a la avenida Sarmiento por Pringles. Estar\u00e1 cortado durante todo el lunes.<\/p>\n","protected":false},"author":2,"featured_media":75779,"comment_status":"closed","ping_status":"closed","sticky":false,"template":"","format":"standard","meta":{"_jetpack_memberships_contains_paid_content":false,"footnotes":""},"categories":[5,1],"tags":[],"class_list":["post-75778","post","type-post","status-publish","format-standard","has-post-thumbnail","hentry","category-informacion-general","category-portada"],"jetpack_featured_media_url":"https:\/\/i0.wp.com\/cdnoticias.com\/wp-content\/uploads\/2023\/01\/corte-sarmiento.jpeg?fit=1600%2C1020&ssl=1","jetpack_sharing_enabled":true,"_links":{"self":[{"href":"https:\/\/cdnoticias.com\/index.php\/wp-json\/wp\/v2\/posts\/75778","targetHints":{"allow":["GET"]}}],"collection":[{"href":"https:\/\/cdnoticias.com\/index.php\/wp-json\/wp\/v2\/posts"}],"about":[{"href":"https:\/\/cdnoticias.com\/index.php\/wp-json\/wp\/v2\/types\/post"}],"author":[{"embeddable":true,"href":"https:\/\/cdnoticias.com\/index.php\/wp-json\/wp\/v2\/users\/2"}],"replies":[{"embeddable":true,"href":"https:\/\/cdnoticias.com\/index.php\/wp-json\/wp\/v2\/comments?post=75778"}],"version-history":[{"count":0,"href":"https:\/\/cdnoticias.com\/index.php\/wp-json\/wp\/v2\/posts\/75778\/revisions"}],"wp:featuredmedia":[{"embeddable":true,"href":"https:\/\/cdnoticias.com\/index.php\/wp-json\/wp\/v2\/media\/75779"}],"wp:attachment":[{"href":"https:\/\/cdnoticias.com\/index.php\/wp-json\/wp\/v2\/media?parent=75778"}],"wp:term":[{"taxonomy":"category","embeddable":true,"href":"https:\/\/cdnoticias.com\/index.php\/wp-json\/wp\/v2\/categories?post=75778"},{"taxonomy":"post_tag","embeddable":true,"href":"https:\/\/cdnoticias.com\/index.php\/wp-json\/wp\/v2\/tags?post=75778"}],"curies":[{"name":"wp","href":"https:\/\/api.w.org\/{rel}","templated":true}]}}