{"id":75769,"date":"2023-01-31T17:03:00","date_gmt":"2023-01-31T20:03:00","guid":{"rendered":"https:\/\/www.centraldenoticias.com.ar\/?p=75769"},"modified":"2023-01-31T17:03:00","modified_gmt":"2023-01-31T20:03:00","slug":"la-oms-resolvio-mantener-el-nivel-de-alerta-maximo-por-la-pandemia","status":"publish","type":"post","link":"https:\/\/cdnoticias.com\/index.php\/2023\/01\/31\/la-oms-resolvio-mantener-el-nivel-de-alerta-maximo-por-la-pandemia\/","title":{"rendered":"La OMS resolvi\u00f3 mantener el nivel de alerta m\u00e1ximo por la pandemia"},"content":{"rendered":"<p>Exactamente tres a\u00f1os despu\u00e9s de haber declarado la enfermedad como urgencia de salud p\u00fablica internacional, el organismo decidi\u00f3 que a\u00fan no es tiempo de quitar la emergencia.<!--more--><\/p>\n<hr \/>\n<p>La <strong>Organizaci\u00f3n Mundial de la Salud (OMS)<\/strong> hab\u00eda afirmado d\u00edas atr\u00e1s que esta semana resolver\u00eda si finalmente terminaba con la emergencia sanitaria declarada por el coronavirus y, exactamente tres a\u00f1os despu\u00e9s de haber declarado la enfermedad como urgencia de salud p\u00fablica internacional, resolvi\u00f3 que a\u00fan no es tiempo de levantar las alertas.<\/p>\n<p>&nbsp;<\/p>\n<p>El <strong>director general de la OMS, Tedros Adhanom Ghebreyesus<\/strong>, sigui\u00f3 las recomendaciones del comit\u00e9 de urgencia sobre el Covid-19, compuesto de expertos, que se reunieron el viernes, seg\u00fan un comunicado que se difundi\u00f3 este lunes.<\/p>\n<p>&nbsp;<\/p>\n<p>El Comit\u00e9 declar\u00f3 a la epidemia de Covid-19 como una emergencia de salud p\u00fablica de importancia internacional el 30 de enero de 2020, en momentos en que no se hab\u00eda registrado a\u00fan ning\u00fan deceso sobre apenas 100 casos fuera de China.<\/p>\n<p>&nbsp;<\/p>\n<p>Tedros hab\u00eda indicado que juzgaba prematuro el levantamiento del nivel de alerta m\u00e1s alto. \u201cA pesar de que no quiero adelantarme a la opini\u00f3n del comit\u00e9 de emergencia, <strong>contin\u00fao muy preocupado por la situaci\u00f3n en muchos pa\u00edses y el creciente n\u00famero de muertos<\/strong>\u201d, declar\u00f3 la semana pasada la prensa en Ginebra, seg\u00fan consign\u00f3 la agencia de noticias AFP.<\/p>\n<p>&nbsp;<\/p>\n<blockquote><p>La enfermedad caus\u00f3 170.000 muertes en los dos \u00faltimos meses. Seg\u00fan cifras de la OMS, y desde su irrupci\u00f3n a finales de 2019, el Covid-19 ha provocado oficialmente 6.804.491 muertes al 27 de enero, aunque la organizaci\u00f3n y los expertos est\u00e1n de acuerdo en decir que el n\u00famero de decesos es mucho m\u00e1s alto.<\/p><\/blockquote>\n<p>&nbsp;<\/p>\n<p>En <strong>octubre del a\u00f1o pasado<\/strong>, el Comit\u00e9 de Emergencia del Reglamento Sanitario hab\u00eda aclarado que no se expedir\u00eda sobre el \u201cfin de la pandemia\u201d ya que no es una categor\u00eda con estatus legal, sino una caracterizaci\u00f3n.<\/p>\n<p>&nbsp;<\/p>\n<p>\u201c<strong>Usamos la palabra pandemia para que toda la poblaci\u00f3n tenga un entendimiento m\u00e1s o menos homog\u00e9neo de los riesgos que representa una enfermedad que est\u00e1 presente en varios pa\u00edses.<\/strong> La OMS no declara oficialmente una \u2018pandemia\u2019 en los instrumentos jur\u00eddicos\u201d, declar\u00f3 en esa oportunidad Ciro Ugarte, director de Emergencias en Salud de la OPS.<\/p>\n<p>&nbsp;<\/p>\n<blockquote><p>\u201cEn cambio la OMS determina si se est\u00e1 produciendo una \u2018Emergencia de Salud P\u00fablica de importancia Internacional&#8217;\u201d, ampli\u00f3.<\/p><\/blockquote>\n<p>&nbsp;<\/p>\n<p>Desde marzo de 2020, <strong>el Comit\u00e9 se re\u00fane cada tres meses<\/strong> \u201cpara revisar la situaci\u00f3n y si se siguen cumpliendo los criterios de una emergencia de salud p\u00fablica\u201d.<\/p>\n<p>&nbsp;<\/p>\n<p><em>Fuente: DIB.<\/em><\/p>\n","protected":false},"excerpt":{"rendered":"<p>Exactamente tres a\u00f1os despu\u00e9s de haber declarado la enfermedad como urgencia de salud p\u00fablica internacional, el organismo decidi\u00f3 que a\u00fan<\/p>\n","protected":false},"author":5,"featured_media":43748,"comment_status":"closed","ping_status":"closed","sticky":false,"template":"","format":"standard","meta":{"_jetpack_memberships_contains_paid_content":false,"footnotes":""},"categories":[6,1],"tags":[],"class_list":["post-75769","post","type-post","status-publish","format-standard","has-post-thumbnail","hentry","category-nacionales","category-portada"],"jetpack_featured_media_url":"https:\/\/i0.wp.com\/cdnoticias.com\/wp-content\/uploads\/2022\/01\/autotest-2.jpg?fit=1200%2C675&ssl=1","jetpack_sharing_enabled":true,"_links":{"self":[{"href":"https:\/\/cdnoticias.com\/index.php\/wp-json\/wp\/v2\/posts\/75769","targetHints":{"allow":["GET"]}}],"collection":[{"href":"https:\/\/cdnoticias.com\/index.php\/wp-json\/wp\/v2\/posts"}],"about":[{"href":"https:\/\/cdnoticias.com\/index.php\/wp-json\/wp\/v2\/types\/post"}],"author":[{"embeddable":true,"href":"https:\/\/cdnoticias.com\/index.php\/wp-json\/wp\/v2\/users\/5"}],"replies":[{"embeddable":true,"href":"https:\/\/cdnoticias.com\/index.php\/wp-json\/wp\/v2\/comments?post=75769"}],"version-history":[{"count":0,"href":"https:\/\/cdnoticias.com\/index.php\/wp-json\/wp\/v2\/posts\/75769\/revisions"}],"wp:featuredmedia":[{"embeddable":true,"href":"https:\/\/cdnoticias.com\/index.php\/wp-json\/wp\/v2\/media\/43748"}],"wp:attachment":[{"href":"https:\/\/cdnoticias.com\/index.php\/wp-json\/wp\/v2\/media?parent=75769"}],"wp:term":[{"taxonomy":"category","embeddable":true,"href":"https:\/\/cdnoticias.com\/index.php\/wp-json\/wp\/v2\/categories?post=75769"},{"taxonomy":"post_tag","embeddable":true,"href":"https:\/\/cdnoticias.com\/index.php\/wp-json\/wp\/v2\/tags?post=75769"}],"curies":[{"name":"wp","href":"https:\/\/api.w.org\/{rel}","templated":true}]}}