{"id":75754,"date":"2023-01-30T16:21:28","date_gmt":"2023-01-30T19:21:28","guid":{"rendered":"https:\/\/www.centraldenoticias.com.ar\/?p=75754"},"modified":"2023-01-30T16:21:28","modified_gmt":"2023-01-30T19:21:28","slug":"hcd-anuncios-sobre-los-premios-dina-pontoni-y-florentina-gomez-miranda","status":"publish","type":"post","link":"https:\/\/cdnoticias.com\/index.php\/2023\/01\/30\/hcd-anuncios-sobre-los-premios-dina-pontoni-y-florentina-gomez-miranda\/","title":{"rendered":"HCD: anuncios sobre los premios \u201cDina Pontoni\u201d y \u201cFlorentina G\u00f3mez Miranda\u201d"},"content":{"rendered":"<p>El jueves se dar\u00e1n a conocer las novedades para la edici\u00f3n de este a\u00f1o de los reconocimientos que se entregan en el marco del D\u00eda Internacional de la Mujer Trabajadora.<!--more--><\/p>\n<hr \/>\n<p>Desde el Concejo Deliberante se har\u00e1n <strong>anuncios respecto de los premios que anualmente se entregan en el marco del D\u00eda Internacional de la Mujer Trabajadora.<\/strong><\/p>\n<p>&nbsp;<\/p>\n<p>El jueves por la ma\u00f1ana<strong> la presidente del Concejo Deliberante, Cecilia Krivochen junto con integrantes de la Comisi\u00f3n de G\u00e9nero y Diversidad<\/strong> brindar\u00e1n una conferencia de prensa.<\/p>\n<p>&nbsp;<\/p>\n<p>En la Sala de Reuniones del HCD se anunciar\u00e1n detalles de la nueva edici\u00f3n de los <strong>Premios \u201cDina Pontoni\u201d y \u201cFlorentina G\u00f3mez Miranda\u201d.<\/strong><\/p>\n<p>&nbsp;<\/p>\n","protected":false},"excerpt":{"rendered":"<p>El jueves se dar\u00e1n a conocer las novedades para la edici\u00f3n de este a\u00f1o de los reconocimientos que se entregan<\/p>\n","protected":false},"author":4,"featured_media":48532,"comment_status":"closed","ping_status":"closed","sticky":false,"template":"","format":"standard","meta":{"_jetpack_memberships_contains_paid_content":false,"footnotes":""},"categories":[3,1],"tags":[],"class_list":["post-75754","post","type-post","status-publish","format-standard","has-post-thumbnail","hentry","category-genero","category-portada"],"jetpack_featured_media_url":"https:\/\/i0.wp.com\/cdnoticias.com\/wp-content\/uploads\/2022\/03\/Genero-Dina1.jpg?fit=989%2C537&ssl=1","jetpack_sharing_enabled":true,"_links":{"self":[{"href":"https:\/\/cdnoticias.com\/index.php\/wp-json\/wp\/v2\/posts\/75754","targetHints":{"allow":["GET"]}}],"collection":[{"href":"https:\/\/cdnoticias.com\/index.php\/wp-json\/wp\/v2\/posts"}],"about":[{"href":"https:\/\/cdnoticias.com\/index.php\/wp-json\/wp\/v2\/types\/post"}],"author":[{"embeddable":true,"href":"https:\/\/cdnoticias.com\/index.php\/wp-json\/wp\/v2\/users\/4"}],"replies":[{"embeddable":true,"href":"https:\/\/cdnoticias.com\/index.php\/wp-json\/wp\/v2\/comments?post=75754"}],"version-history":[{"count":0,"href":"https:\/\/cdnoticias.com\/index.php\/wp-json\/wp\/v2\/posts\/75754\/revisions"}],"wp:featuredmedia":[{"embeddable":true,"href":"https:\/\/cdnoticias.com\/index.php\/wp-json\/wp\/v2\/media\/48532"}],"wp:attachment":[{"href":"https:\/\/cdnoticias.com\/index.php\/wp-json\/wp\/v2\/media?parent=75754"}],"wp:term":[{"taxonomy":"category","embeddable":true,"href":"https:\/\/cdnoticias.com\/index.php\/wp-json\/wp\/v2\/categories?post=75754"},{"taxonomy":"post_tag","embeddable":true,"href":"https:\/\/cdnoticias.com\/index.php\/wp-json\/wp\/v2\/tags?post=75754"}],"curies":[{"name":"wp","href":"https:\/\/api.w.org\/{rel}","templated":true}]}}