{"id":75714,"date":"2023-01-29T11:28:03","date_gmt":"2023-01-29T14:28:03","guid":{"rendered":"https:\/\/www.centraldenoticias.com.ar\/?p=75714"},"modified":"2023-01-29T11:28:03","modified_gmt":"2023-01-29T14:28:03","slug":"los-barrios-12-de-octubre-y-rene-favaloro-otra-vez-sin-luz","status":"publish","type":"post","link":"https:\/\/cdnoticias.com\/index.php\/2023\/01\/29\/los-barrios-12-de-octubre-y-rene-favaloro-otra-vez-sin-luz\/","title":{"rendered":"Los barrios 12 de Octubre y Ren\u00e9 Favaloro, otra vez sin luz"},"content":{"rendered":"<p>Se inform\u00f3 que el personal de Coopelectric est\u00e1 realizando las tareas operativas correspondientes para poder normalizar el Servicio.<!--more--><\/p>\n<hr \/>\n<p>Nuevamente, los barrios<strong> 12 de Octubre y Ren\u00e9 Favaloro se encuentran sin luz<\/strong> debido a que se registr\u00f3 la salida de servicio de la Subestaci\u00f3n N\u00b0 16.<\/p>\n<p>&nbsp;<\/p>\n<p>El<strong> suministro el\u00e9ctrico se encuentra interrumpido<\/strong> en las siguientes calles: <strong>Vicente Bah\u00eda &#8211; avenida Sarmiento &#8211; avenida Alberdi &#8211; avenida Col\u00f3n.<\/strong><\/p>\n<p>&nbsp;<\/p>\n<p>Por \u00faltimo, se inform\u00f3 que el<strong> personal de Coopelectric<\/strong> est\u00e1 realizando las tareas operativas correspondientes para poder <strong>normalizar el Servicio.<\/strong><\/p>\n","protected":false},"excerpt":{"rendered":"<p>Se inform\u00f3 que el personal de Coopelectric est\u00e1 realizando las tareas operativas correspondientes para poder normalizar el Servicio.<\/p>\n","protected":false},"author":6,"featured_media":41402,"comment_status":"closed","ping_status":"closed","sticky":false,"template":"","format":"standard","meta":{"_jetpack_memberships_contains_paid_content":false,"footnotes":""},"categories":[5,1],"tags":[],"class_list":["post-75714","post","type-post","status-publish","format-standard","has-post-thumbnail","hentry","category-informacion-general","category-portada"],"jetpack_featured_media_url":"https:\/\/i0.wp.com\/cdnoticias.com\/wp-content\/uploads\/2021\/12\/coopelectric-camion1.jpg?fit=1540%2C856&ssl=1","jetpack_sharing_enabled":true,"_links":{"self":[{"href":"https:\/\/cdnoticias.com\/index.php\/wp-json\/wp\/v2\/posts\/75714","targetHints":{"allow":["GET"]}}],"collection":[{"href":"https:\/\/cdnoticias.com\/index.php\/wp-json\/wp\/v2\/posts"}],"about":[{"href":"https:\/\/cdnoticias.com\/index.php\/wp-json\/wp\/v2\/types\/post"}],"author":[{"embeddable":true,"href":"https:\/\/cdnoticias.com\/index.php\/wp-json\/wp\/v2\/users\/6"}],"replies":[{"embeddable":true,"href":"https:\/\/cdnoticias.com\/index.php\/wp-json\/wp\/v2\/comments?post=75714"}],"version-history":[{"count":0,"href":"https:\/\/cdnoticias.com\/index.php\/wp-json\/wp\/v2\/posts\/75714\/revisions"}],"wp:featuredmedia":[{"embeddable":true,"href":"https:\/\/cdnoticias.com\/index.php\/wp-json\/wp\/v2\/media\/41402"}],"wp:attachment":[{"href":"https:\/\/cdnoticias.com\/index.php\/wp-json\/wp\/v2\/media?parent=75714"}],"wp:term":[{"taxonomy":"category","embeddable":true,"href":"https:\/\/cdnoticias.com\/index.php\/wp-json\/wp\/v2\/categories?post=75714"},{"taxonomy":"post_tag","embeddable":true,"href":"https:\/\/cdnoticias.com\/index.php\/wp-json\/wp\/v2\/tags?post=75714"}],"curies":[{"name":"wp","href":"https:\/\/api.w.org\/{rel}","templated":true}]}}