{"id":75683,"date":"2023-01-29T09:30:01","date_gmt":"2023-01-29T12:30:01","guid":{"rendered":"https:\/\/www.centraldenoticias.com.ar\/?p=75683"},"modified":"2023-01-29T17:03:01","modified_gmt":"2023-01-29T20:03:01","slug":"el-pro-viene-a-definir-su-interna-en-sierras-bayas","status":"publish","type":"post","link":"https:\/\/cdnoticias.com\/index.php\/2023\/01\/29\/el-pro-viene-a-definir-su-interna-en-sierras-bayas\/","title":{"rendered":"El Pro viene a definir su interna en Sierras Bayas"},"content":{"rendered":"<p>Unos 30 asistentes tendr\u00e1 la primera cumbre presencial del a\u00f1o del sector amarillo que se realizar\u00e1 el viernes. Las postulaciones distritales y la candidatura a la gobernaci\u00f3n ser\u00e1n los ejes centrales.<!--more--><\/p>\n<hr \/>\n<p><strong>La mesa bonaerense del PRO se reunir\u00e1 el viernes en Olavarr\u00eda.<\/strong> M\u00e1s precisamente, en<strong> Sierras Bayas<\/strong> donde llegar\u00e1n los principales l\u00edderes territoriales, legislativos y partidarios.<\/p>\n<p>&nbsp;<\/p>\n<p><strong>Unos 30 asistentes<\/strong> tendr\u00e1 la primera cumbre presencial del a\u00f1o del sector amarillo.<\/p>\n<p>&nbsp;<\/p>\n<p>El eje central ser\u00e1 la <strong>definici\u00f3n de estrategias para el a\u00f1o electoral<\/strong> que se inici\u00f3. <em>Las internas en los distritos, la candidatura a la gobernaci\u00f3n y la posibilidad de que se conformen listas cruzadas con la Uni\u00f3n C\u00edvica Radical (UCR).<\/em><\/p>\n<p>&nbsp;<\/p>\n<p>En el complejo Rinc\u00f3n So\u00f1ado, <strong>Ezequiel Galli<\/strong> recibir\u00e1 a la dirigencia del Pro con empanadas, asado y bebidas.<\/p>\n<p>&nbsp;<\/p>\n<blockquote><p>\u201cVamos a juntarnos a ordenar la interna\u201d, cit\u00f3 el medio Letra P a uno de los referentes de Juntos por el Cambio sobre el motivo del encuentro. La referencia a la candidatura para la Provincia donde Diego Santilli y Cristian Ritondo ya han mostrado sus armados, y tambi\u00e9n adelantaron sus intenciones de competir N\u00e9stor Grindetti, Joaqu\u00edn de la Torre y Javier Iguacel.<\/p><\/blockquote>\n<p>&nbsp;<\/p>\n","protected":false},"excerpt":{"rendered":"<p>Unos 30 asistentes tendr\u00e1 la primera cumbre presencial del a\u00f1o del sector amarillo que se realizar\u00e1 el viernes. Las postulaciones<\/p>\n","protected":false},"author":4,"featured_media":33597,"comment_status":"closed","ping_status":"closed","sticky":false,"template":"","format":"standard","meta":{"_jetpack_memberships_contains_paid_content":false,"footnotes":""},"categories":[4,1],"tags":[],"class_list":["post-75683","post","type-post","status-publish","format-standard","has-post-thumbnail","hentry","category-politica","category-portada"],"jetpack_featured_media_url":"https:\/\/i0.wp.com\/cdnoticias.com\/wp-content\/uploads\/2021\/09\/Juntos-intendentes-santilli-00.jpg?fit=680%2C378&ssl=1","jetpack_sharing_enabled":true,"_links":{"self":[{"href":"https:\/\/cdnoticias.com\/index.php\/wp-json\/wp\/v2\/posts\/75683","targetHints":{"allow":["GET"]}}],"collection":[{"href":"https:\/\/cdnoticias.com\/index.php\/wp-json\/wp\/v2\/posts"}],"about":[{"href":"https:\/\/cdnoticias.com\/index.php\/wp-json\/wp\/v2\/types\/post"}],"author":[{"embeddable":true,"href":"https:\/\/cdnoticias.com\/index.php\/wp-json\/wp\/v2\/users\/4"}],"replies":[{"embeddable":true,"href":"https:\/\/cdnoticias.com\/index.php\/wp-json\/wp\/v2\/comments?post=75683"}],"version-history":[{"count":0,"href":"https:\/\/cdnoticias.com\/index.php\/wp-json\/wp\/v2\/posts\/75683\/revisions"}],"wp:featuredmedia":[{"embeddable":true,"href":"https:\/\/cdnoticias.com\/index.php\/wp-json\/wp\/v2\/media\/33597"}],"wp:attachment":[{"href":"https:\/\/cdnoticias.com\/index.php\/wp-json\/wp\/v2\/media?parent=75683"}],"wp:term":[{"taxonomy":"category","embeddable":true,"href":"https:\/\/cdnoticias.com\/index.php\/wp-json\/wp\/v2\/categories?post=75683"},{"taxonomy":"post_tag","embeddable":true,"href":"https:\/\/cdnoticias.com\/index.php\/wp-json\/wp\/v2\/tags?post=75683"}],"curies":[{"name":"wp","href":"https:\/\/api.w.org\/{rel}","templated":true}]}}