{"id":75677,"date":"2023-01-28T14:15:55","date_gmt":"2023-01-28T17:15:55","guid":{"rendered":"https:\/\/www.centraldenoticias.com.ar\/?p=75677"},"modified":"2023-01-28T14:15:55","modified_gmt":"2023-01-28T17:15:55","slug":"la-industria-bonaerense-crecio-76-entre-enero-y-octubre-de-2022","status":"publish","type":"post","link":"https:\/\/cdnoticias.com\/index.php\/2023\/01\/28\/la-industria-bonaerense-crecio-76-entre-enero-y-octubre-de-2022\/","title":{"rendered":"La industria bonaerense creci\u00f3 7,6% entre enero y octubre de 2022"},"content":{"rendered":"<p>El ministro de Hacienda y Finanzas de la provincia, Pablo L\u00f3pez, destac\u00f3 que el sector lleva 20 meses ininterrumpidos de crecimiento.<\/p>\n<p><!--more--><\/p>\n<hr \/>\n<p><strong>El ministro de Hacienda y Finanzas de la provincia de Buenos Aires, Pablo L\u00f3pez<\/strong>, destac\u00f3 que \u201cla<strong> industria<\/strong> bonaerense es uno de los motores m\u00e1s importantes para el desempe\u00f1o econ\u00f3mico del pa\u00eds\u201d al informar que ese sector <strong>creci\u00f3 un 7,6% entre enero y octubre del a\u00f1o pasado<\/strong>.<\/p>\n<p>&nbsp;<\/p>\n<p>En tanto, durante el \u00faltimo mes de esa medici\u00f3n <strong>la industria regional mejor\u00f3 5,2% en comparaci\u00f3n con octubre de 2021<\/strong>, con lo que el rubro lleva \u201c20 meses ininterrumpidos de crecimiento\u201d.<\/p>\n<p>&nbsp;<\/p>\n<p>El funcionario mostr\u00f3 esas cifras en un hilo de Twitter. All\u00ed, basado en el informe<strong> \u201cIndicador sint\u00e9tico de la industria manufacturera de la provincia de Buenos Aires\u201d<\/strong>, destac\u00f3 que, durante octubre de 2022, la industria bonaerense \u201ccreci\u00f3 5,2% respecto a igual mes del a\u00f1o anterior\u201d y que en los primeros 10 meses del a\u00f1o pasado \u201cla producci\u00f3n manufacturera de la provincia acumul\u00f3 un crecimiento del 7,6%\u201d.<\/p>\n<p>&nbsp;<\/p>\n<blockquote class=\"twitter-tweet\">\n<p dir=\"ltr\" lang=\"es\">\ud83c\udfedEn octubre, la industria bonaerense creci\u00f3 5,2% respecto a igual mes del a\u00f1o anterior.<\/p>\n<p>\ud83d\udcc8En los primeros 10 meses del a\u00f1o 2022, la producci\u00f3n manufacturera de la Provincia acumul\u00f3 un crecimiento del 7,6%.<\/p>\n<p>Informe completo disponible en: <a href=\"https:\/\/t.co\/nEDPoIQgi6\">https:\/\/t.co\/nEDPoIQgi6<\/a> <a href=\"https:\/\/t.co\/cD1cEAGp1G\">pic.twitter.com\/cD1cEAGp1G<\/a><\/p>\n<p>\u2014 Pablo J. L\u00f3pez (@PabloJ_LopezOK) <a href=\"https:\/\/twitter.com\/PabloJ_LopezOK\/status\/1619085491105857537?ref_src=twsrc%5Etfw\">January 27, 2023<\/a><\/p><\/blockquote>\n<p><script async src=\"https:\/\/platform.twitter.com\/widgets.js\" charset=\"utf-8\"><\/script><\/p>\n<p>&nbsp;<\/p>\n<blockquote><p>En esa l\u00ednea, L\u00f3pez subray\u00f3 que con estos datos \u201cse contabilizaron 20 meses de incremento interanual ininterrumpido\u201d y el indicador super\u00f3 en \u201cm\u00e1s de 7 puntos porcentuales el desempe\u00f1o industrial de 2019 y fue el mejor octubre desde 2015\u201d.<\/p><\/blockquote>\n<p>&nbsp;<\/p>\n<p>L\u00f3pez precis\u00f3 que de los \u201c11 bloques industriales del indicador, 6 crecieron\u201d y enumer\u00f3 que el <strong>dinamismo se destac\u00f3 en textiles y cuero (26%) y minerales no met\u00e1licos (21,1%)<\/strong>.<\/p>\n<p>&nbsp;<\/p>\n<p>Entre aquellos que se contrajeron, mencion\u00f3 alimentos y Bebidas (-2,7%) y refinaci\u00f3n de petr\u00f3leo (-3,4%).<\/p>\n<p>&nbsp;<\/p>\n<p><img data-recalc-dims=\"1\" loading=\"lazy\" decoding=\"async\" class=\"size-large wp-image-75678 aligncenter\" src=\"https:\/\/i0.wp.com\/cdnoticias.com\/wp-content\/uploads\/2023\/01\/DIB-industria-bonaerense-1.jpg?resize=800%2C565&#038;ssl=1\" alt=\"\" width=\"800\" height=\"565\" srcset=\"https:\/\/i0.wp.com\/cdnoticias.com\/wp-content\/uploads\/2023\/01\/DIB-industria-bonaerense-1.jpg?resize=1024%2C723&amp;ssl=1 1024w, https:\/\/i0.wp.com\/cdnoticias.com\/wp-content\/uploads\/2023\/01\/DIB-industria-bonaerense-1.jpg?resize=300%2C212&amp;ssl=1 300w, https:\/\/i0.wp.com\/cdnoticias.com\/wp-content\/uploads\/2023\/01\/DIB-industria-bonaerense-1.jpg?resize=768%2C543&amp;ssl=1 768w, https:\/\/i0.wp.com\/cdnoticias.com\/wp-content\/uploads\/2023\/01\/DIB-industria-bonaerense-1.jpg?w=1536&amp;ssl=1 1536w\" sizes=\"auto, (max-width: 800px) 100vw, 800px\" \/><\/p>\n<p>&nbsp;<\/p>\n<p><span style=\"text-decoration: underline;\"><strong>Protagonista<\/strong><\/span><\/p>\n<p>&nbsp;<\/p>\n<blockquote><p>\u201cLa industria bonaerense es uno de los motores m\u00e1s importantes para el desempe\u00f1o econ\u00f3mico del pa\u00eds\u201d, consider\u00f3 el economista.<\/p><\/blockquote>\n<p>&nbsp;<\/p>\n<p>En ese mismo sentido, complet\u00f3 que \u201cla persistencia del crecimiento manufacturero es se\u00f1al de que <strong>en la Provincia est\u00e1 vigente un modelo productivo que tiene a la industria como protagonista\u201d<\/strong>.<\/p>\n<p>&nbsp;<\/p>\n<p>Fuente:<em> Agencia DIB<\/em><\/p>\n","protected":false},"excerpt":{"rendered":"<p>El ministro de Hacienda y Finanzas de la provincia, Pablo L\u00f3pez, destac\u00f3 que el sector lleva 20 meses ininterrumpidos de<\/p>\n","protected":false},"author":4,"featured_media":56965,"comment_status":"closed","ping_status":"closed","sticky":false,"template":"","format":"standard","meta":{"_jetpack_memberships_contains_paid_content":false,"footnotes":""},"categories":[6,1],"tags":[],"class_list":["post-75677","post","type-post","status-publish","format-standard","has-post-thumbnail","hentry","category-nacionales","category-portada"],"jetpack_featured_media_url":"https:\/\/i0.wp.com\/cdnoticias.com\/wp-content\/uploads\/2022\/06\/industria.png?fit=1441%2C961&ssl=1","jetpack_sharing_enabled":true,"_links":{"self":[{"href":"https:\/\/cdnoticias.com\/index.php\/wp-json\/wp\/v2\/posts\/75677","targetHints":{"allow":["GET"]}}],"collection":[{"href":"https:\/\/cdnoticias.com\/index.php\/wp-json\/wp\/v2\/posts"}],"about":[{"href":"https:\/\/cdnoticias.com\/index.php\/wp-json\/wp\/v2\/types\/post"}],"author":[{"embeddable":true,"href":"https:\/\/cdnoticias.com\/index.php\/wp-json\/wp\/v2\/users\/4"}],"replies":[{"embeddable":true,"href":"https:\/\/cdnoticias.com\/index.php\/wp-json\/wp\/v2\/comments?post=75677"}],"version-history":[{"count":0,"href":"https:\/\/cdnoticias.com\/index.php\/wp-json\/wp\/v2\/posts\/75677\/revisions"}],"wp:featuredmedia":[{"embeddable":true,"href":"https:\/\/cdnoticias.com\/index.php\/wp-json\/wp\/v2\/media\/56965"}],"wp:attachment":[{"href":"https:\/\/cdnoticias.com\/index.php\/wp-json\/wp\/v2\/media?parent=75677"}],"wp:term":[{"taxonomy":"category","embeddable":true,"href":"https:\/\/cdnoticias.com\/index.php\/wp-json\/wp\/v2\/categories?post=75677"},{"taxonomy":"post_tag","embeddable":true,"href":"https:\/\/cdnoticias.com\/index.php\/wp-json\/wp\/v2\/tags?post=75677"}],"curies":[{"name":"wp","href":"https:\/\/api.w.org\/{rel}","templated":true}]}}