{"id":7565,"date":"2020-11-26T18:03:02","date_gmt":"2020-11-26T21:03:02","guid":{"rendered":"http:\/\/www.centraldenoticias.com.ar\/?p=7565"},"modified":"2020-11-26T18:03:02","modified_gmt":"2020-11-26T21:03:02","slug":"dos-sectores-de-la-ciudad-se-veran-afectados-por-un-corte-de-luz","status":"publish","type":"post","link":"https:\/\/cdnoticias.com\/index.php\/2020\/11\/26\/dos-sectores-de-la-ciudad-se-veran-afectados-por-un-corte-de-luz\/","title":{"rendered":"Dos sectores de la ciudad se ver\u00e1n afectados por un corte de luz"},"content":{"rendered":"<p>Ser\u00e1 en el inicio de la ma\u00f1ana de este viernes, por tareas de mantenimiento desde Coopelectric.<\/p>\n<p><!--more--><\/p>\n<hr \/>\n<p>En el comiendo de la ma\u00f1ana de este viernes dos sectores del casco urbano local se ver\u00e1n afectados por un corte en el suministro el\u00e9ctrico, tal cual detall\u00f3 Coopelectric, desde donde adem\u00e1s <strong>se refiri\u00f3 que se debe a tareas de mantenimiento.<\/strong><\/p>\n<p>&nbsp;<\/p>\n<p><strong>En ambos casos el corte se iniciar\u00e1 desde las 7<\/strong>. Uno, por el lapso de una hora, afectar\u00e1 al sector comprendido por las calles <strong>Independencia, Maip\u00fa y Mitre, adem\u00e1s de la avenida Avellaneda.<\/strong><\/p>\n<p>&nbsp;<\/p>\n<p>El restante se extender\u00e1 hasta las 9 y comprender\u00e1 el sector delimitado por las calles <strong>Celestino Mu\u00f1oz y Moya, adem\u00e1s de las avenidas Del Valle y Pueyrred\u00f3n.<\/strong><\/p>\n","protected":false},"excerpt":{"rendered":"<p>Ser\u00e1 en el inicio de la ma\u00f1ana de este viernes, por tareas de mantenimiento desde Coopelectric.<\/p>\n","protected":false},"author":3,"featured_media":6841,"comment_status":"closed","ping_status":"closed","sticky":false,"template":"","format":"standard","meta":{"_jetpack_memberships_contains_paid_content":false,"footnotes":""},"categories":[5,1],"tags":[],"class_list":["post-7565","post","type-post","status-publish","format-standard","has-post-thumbnail","hentry","category-informacion-general","category-portada"],"jetpack_featured_media_url":"https:\/\/i0.wp.com\/cdnoticias.com\/wp-content\/uploads\/2020\/11\/01-Tareas-Alimentador-N%C2%B0-1.jpg?fit=1365%2C768&ssl=1","jetpack_sharing_enabled":true,"_links":{"self":[{"href":"https:\/\/cdnoticias.com\/index.php\/wp-json\/wp\/v2\/posts\/7565","targetHints":{"allow":["GET"]}}],"collection":[{"href":"https:\/\/cdnoticias.com\/index.php\/wp-json\/wp\/v2\/posts"}],"about":[{"href":"https:\/\/cdnoticias.com\/index.php\/wp-json\/wp\/v2\/types\/post"}],"author":[{"embeddable":true,"href":"https:\/\/cdnoticias.com\/index.php\/wp-json\/wp\/v2\/users\/3"}],"replies":[{"embeddable":true,"href":"https:\/\/cdnoticias.com\/index.php\/wp-json\/wp\/v2\/comments?post=7565"}],"version-history":[{"count":0,"href":"https:\/\/cdnoticias.com\/index.php\/wp-json\/wp\/v2\/posts\/7565\/revisions"}],"wp:featuredmedia":[{"embeddable":true,"href":"https:\/\/cdnoticias.com\/index.php\/wp-json\/wp\/v2\/media\/6841"}],"wp:attachment":[{"href":"https:\/\/cdnoticias.com\/index.php\/wp-json\/wp\/v2\/media?parent=7565"}],"wp:term":[{"taxonomy":"category","embeddable":true,"href":"https:\/\/cdnoticias.com\/index.php\/wp-json\/wp\/v2\/categories?post=7565"},{"taxonomy":"post_tag","embeddable":true,"href":"https:\/\/cdnoticias.com\/index.php\/wp-json\/wp\/v2\/tags?post=7565"}],"curies":[{"name":"wp","href":"https:\/\/api.w.org\/{rel}","templated":true}]}}