{"id":75642,"date":"2023-01-28T13:08:42","date_gmt":"2023-01-28T16:08:42","guid":{"rendered":"https:\/\/www.centraldenoticias.com.ar\/?p=75642"},"modified":"2023-01-28T13:08:42","modified_gmt":"2023-01-28T16:08:42","slug":"este-domingo-estacion-713-presenta-reunion","status":"publish","type":"post","link":"https:\/\/cdnoticias.com\/index.php\/2023\/01\/28\/este-domingo-estacion-713-presenta-reunion\/","title":{"rendered":"Este domingo, Estaci\u00f3n 713 presenta &#8220;Reuni\u00f3n&#8221;"},"content":{"rendered":"<p>Ser\u00e1 a partir de las 21:30 en el Barrio CECO 1. La entrada tiene un valor de $500 y en caso de lluvia ser\u00e1 reprogramado.<!--more--><\/p>\n<hr \/>\n<p>Este <strong>domingo 29 de enero<\/strong>, <strong>Estaci\u00f3n 713<\/strong> presenta <em><strong>&#8220;Reuni\u00f3n&#8221;,<\/strong><\/em> un grupo de <strong>m\u00fasicos locales<\/strong> que compartir\u00e1n<strong> diversas canciones <\/strong>a partir de las<strong> 21:30 <\/strong>en el<strong> Barrio CECO 1, Casa 713.<\/strong><\/p>\n<p>&nbsp;<\/p>\n<p>Los<strong> integrantes<\/strong> que se presentar\u00e1n este domingo son <strong>Gabriel Larraz<\/strong> en guitarra,<strong> Samuel Carabajal<\/strong> en bater\u00eda, <strong>Guido Macaluso<\/strong> en guitarra, <strong>Rom\u00e1n Cea<\/strong> en pianos, <strong>Naco Aschei<\/strong> en trompeta, <strong>Aitor Ergui<\/strong> en bajo y <strong>Julia Czainick<\/strong> en voz.<\/p>\n<p>&nbsp;<\/p>\n<p><strong>Samuel Carabajal<\/strong> dialog\u00f3 con<em> Central de Noticias<\/em> quien expres\u00f3 que el nombre elegido fue <em><b>&#8220;Reuni\u00f3n&#8221; <\/b><\/em>debido a que &#8220;<em>el trompetista Naco, nacido en Olavarr\u00eda est\u00e1 viviendo en Ibiza y volvi\u00f3 de vacaciones de visita. Hace mucho que no lo ve\u00edamos y somos todos amigos los que participamos de lo que va a pasar este domingo&#8221;.<\/em><\/p>\n<p>&nbsp;<\/p>\n<p>Adem\u00e1s, Carabajal agreg\u00f3 que <em><strong>&#8220;vamos a tocar canciones muy variadas. Desde Spinetta a Rada, atravesando las m\u00fasicas que nos gustan con un lenguaje de jazz e improvisaciones propias&#8221;.\u00a0<\/strong><\/em><\/p>\n<p>&nbsp;<\/p>\n<p>Por \u00faltimo se indic\u00f3 que la entrada tiene un valor de $500 y en caso de lluvia ser\u00e1 reprogramado.<\/p>\n<p>&nbsp;<\/p>\n<p>&nbsp;<\/p>\n<p>&nbsp;<\/p>\n<p>&nbsp;<\/p>\n","protected":false},"excerpt":{"rendered":"<p>Ser\u00e1 a partir de las 21:30 en el Barrio CECO 1. La entrada tiene un valor de $500 y en<\/p>\n","protected":false},"author":6,"featured_media":75644,"comment_status":"closed","ping_status":"closed","sticky":false,"template":"","format":"standard","meta":{"_jetpack_memberships_contains_paid_content":false,"footnotes":""},"categories":[9,1],"tags":[],"class_list":["post-75642","post","type-post","status-publish","format-standard","has-post-thumbnail","hentry","category-cultura","category-portada"],"jetpack_featured_media_url":"https:\/\/i0.wp.com\/cdnoticias.com\/wp-content\/uploads\/2023\/01\/Diseno-sin-titulo-66.jpg?fit=1920%2C1080&ssl=1","jetpack_sharing_enabled":true,"_links":{"self":[{"href":"https:\/\/cdnoticias.com\/index.php\/wp-json\/wp\/v2\/posts\/75642","targetHints":{"allow":["GET"]}}],"collection":[{"href":"https:\/\/cdnoticias.com\/index.php\/wp-json\/wp\/v2\/posts"}],"about":[{"href":"https:\/\/cdnoticias.com\/index.php\/wp-json\/wp\/v2\/types\/post"}],"author":[{"embeddable":true,"href":"https:\/\/cdnoticias.com\/index.php\/wp-json\/wp\/v2\/users\/6"}],"replies":[{"embeddable":true,"href":"https:\/\/cdnoticias.com\/index.php\/wp-json\/wp\/v2\/comments?post=75642"}],"version-history":[{"count":0,"href":"https:\/\/cdnoticias.com\/index.php\/wp-json\/wp\/v2\/posts\/75642\/revisions"}],"wp:featuredmedia":[{"embeddable":true,"href":"https:\/\/cdnoticias.com\/index.php\/wp-json\/wp\/v2\/media\/75644"}],"wp:attachment":[{"href":"https:\/\/cdnoticias.com\/index.php\/wp-json\/wp\/v2\/media?parent=75642"}],"wp:term":[{"taxonomy":"category","embeddable":true,"href":"https:\/\/cdnoticias.com\/index.php\/wp-json\/wp\/v2\/categories?post=75642"},{"taxonomy":"post_tag","embeddable":true,"href":"https:\/\/cdnoticias.com\/index.php\/wp-json\/wp\/v2\/tags?post=75642"}],"curies":[{"name":"wp","href":"https:\/\/api.w.org\/{rel}","templated":true}]}}