{"id":75608,"date":"2023-01-27T11:33:58","date_gmt":"2023-01-27T14:33:58","guid":{"rendered":"https:\/\/www.centraldenoticias.com.ar\/?p=75608"},"modified":"2023-01-27T11:33:58","modified_gmt":"2023-01-27T14:33:58","slug":"pedro-teodoro-marin-q-e-p-d","status":"publish","type":"post","link":"https:\/\/cdnoticias.com\/index.php\/2023\/01\/27\/pedro-teodoro-marin-q-e-p-d\/","title":{"rendered":"Pedro Teodoro Mar\u00edn (Q.E.P.D.)"},"content":{"rendered":"<p>Falleci\u00f3 en Olavarr\u00eda el 27 de enero de 2023 a los 73 a\u00f1os de edad. Su esposa Ester Noem\u00ed Amores. Sus hijos Daniela, Pablo, Gisele y Valeria Mar\u00edn. Sus hijos pol\u00edticos Karina, Sergio y German. Sus nietos. Sus nietos pol\u00edticos. Su bisnieta Emilia. Sus hermanas Elena, Toti, Vilma e Isabel Mar\u00edn. Sus hermanos pol\u00edticos. Sus sobrinos y dem\u00e1s deudos participan su fallecimiento.<\/p>\n<p>&nbsp;<\/p>\n<p>Sus restos son velados en Espa\u00f1a 2942 departamento &#8220;D&#8221; y ser\u00e1n inhumados en el cementerio Loma de Paz, este s\u00e1bado 28 de enero a las 9:30. Servicio adherido a Coopelectric. Vecino de Barrio Luj\u00e1n. Jubilado.<\/p>\n","protected":false},"excerpt":{"rendered":"<p>Falleci\u00f3 en Olavarr\u00eda el 27 de enero de 2023 a los 73 a\u00f1os de edad. Su esposa Ester Noem\u00ed Amores.<\/p>\n","protected":false},"author":5,"featured_media":67646,"comment_status":"closed","ping_status":"closed","sticky":false,"template":"","format":"standard","meta":{"_jetpack_memberships_contains_paid_content":false,"footnotes":""},"categories":[10],"tags":[],"class_list":["post-75608","post","type-post","status-publish","format-standard","has-post-thumbnail","hentry","category-necrologicas"],"jetpack_featured_media_url":"https:\/\/i0.wp.com\/cdnoticias.com\/wp-content\/uploads\/2022\/10\/necrologicas-390-x-240.jpg?fit=390%2C240&ssl=1","jetpack_sharing_enabled":true,"_links":{"self":[{"href":"https:\/\/cdnoticias.com\/index.php\/wp-json\/wp\/v2\/posts\/75608","targetHints":{"allow":["GET"]}}],"collection":[{"href":"https:\/\/cdnoticias.com\/index.php\/wp-json\/wp\/v2\/posts"}],"about":[{"href":"https:\/\/cdnoticias.com\/index.php\/wp-json\/wp\/v2\/types\/post"}],"author":[{"embeddable":true,"href":"https:\/\/cdnoticias.com\/index.php\/wp-json\/wp\/v2\/users\/5"}],"replies":[{"embeddable":true,"href":"https:\/\/cdnoticias.com\/index.php\/wp-json\/wp\/v2\/comments?post=75608"}],"version-history":[{"count":0,"href":"https:\/\/cdnoticias.com\/index.php\/wp-json\/wp\/v2\/posts\/75608\/revisions"}],"wp:featuredmedia":[{"embeddable":true,"href":"https:\/\/cdnoticias.com\/index.php\/wp-json\/wp\/v2\/media\/67646"}],"wp:attachment":[{"href":"https:\/\/cdnoticias.com\/index.php\/wp-json\/wp\/v2\/media?parent=75608"}],"wp:term":[{"taxonomy":"category","embeddable":true,"href":"https:\/\/cdnoticias.com\/index.php\/wp-json\/wp\/v2\/categories?post=75608"},{"taxonomy":"post_tag","embeddable":true,"href":"https:\/\/cdnoticias.com\/index.php\/wp-json\/wp\/v2\/tags?post=75608"}],"curies":[{"name":"wp","href":"https:\/\/api.w.org\/{rel}","templated":true}]}}