{"id":75603,"date":"2023-01-27T11:50:04","date_gmt":"2023-01-27T14:50:04","guid":{"rendered":"https:\/\/www.centraldenoticias.com.ar\/?p=75603"},"modified":"2023-01-27T12:59:20","modified_gmt":"2023-01-27T15:59:20","slug":"choque-en-roque-perez-dos-olavarrienses-heridos-fuera-de-peligro","status":"publish","type":"post","link":"https:\/\/cdnoticias.com\/index.php\/2023\/01\/27\/choque-en-roque-perez-dos-olavarrienses-heridos-fuera-de-peligro\/","title":{"rendered":"Choque en Roque P\u00e9rez: dos olavarrienses heridos fuera de peligro"},"content":{"rendered":"<p>Se trata de una mujer de 66 a\u00f1os y un hombre de 47 a\u00f1os, quienes viajaban en la ambulancia. La persona fallecida es oriunda de Capital Federal.<!--more--><\/p>\n<hr \/>\n<p><strong>Dos olavarrienses resultaron heridos<\/strong> en la ma\u00f1ana de este viernes en<a href=\"https:\/\/cdnoticias.com\/index.php\/2023\/01\/27\/olavarrienses-implicados-en-un-choque-fatal-en-roque-perez\/\" target=\"_blank\" rel=\"noopener\"> un siniestro vial en la localidad de Roque P\u00e9rez<\/a> donde adem\u00e1s hubo una tercera v\u00edctima, quien falleci\u00f3 de forma inmediata en el lugar.<\/p>\n<p>&nbsp;<\/p>\n<blockquote><p>Tal como se inform\u00f3 en <em>Roque P\u00e9rez Hoy<\/em>, a bordo de una ambulancia Peugeot circulaban Norma Lista de 66 a\u00f1os e Ismael Inzunza de 47 a\u00f1os, ambos oriundos de nuestra ciudad.<\/p><\/blockquote>\n<p>&nbsp;<\/p>\n<p>Los heridos fueron trasladados al <strong>Hospital \u201cDr. Ram\u00f3n Carrillo\u201d de Roque P\u00e9rez<\/strong> donde se encuentran alojados actualmente.<\/p>\n<p>&nbsp;<\/p>\n<p><strong>La mujer present\u00f3 m\u00faltiples fracturas de consideraci\u00f3n<\/strong> en las extremidades inferiores. En principio, se pudo saber que sufri\u00f3 quebraduras en cadera, f\u00e9mur y pie. Se adelant\u00f3 que ser\u00e1 trasladada a un centro de mayor complejidad, encontr\u00e1ndose fuera de peligro.<\/p>\n<p>&nbsp;<\/p>\n<p>Inzunza, quien iba al mando de la ambulancia, <strong>padeci\u00f3 traumatismo en uno de sus pies.<\/strong><\/p>\n<p>&nbsp;<\/p>\n<p><img data-recalc-dims=\"1\" loading=\"lazy\" decoding=\"async\" class=\"size-full wp-image-75600 aligncenter\" src=\"https:\/\/i0.wp.com\/cdnoticias.com\/wp-content\/uploads\/2023\/01\/choque-roque-perez-4.jpg?resize=800%2C445&#038;ssl=1\" alt=\"\" width=\"800\" height=\"445\" srcset=\"https:\/\/i0.wp.com\/cdnoticias.com\/wp-content\/uploads\/2023\/01\/choque-roque-perez-4.jpg?w=800&amp;ssl=1 800w, https:\/\/i0.wp.com\/cdnoticias.com\/wp-content\/uploads\/2023\/01\/choque-roque-perez-4.jpg?resize=300%2C167&amp;ssl=1 300w, https:\/\/i0.wp.com\/cdnoticias.com\/wp-content\/uploads\/2023\/01\/choque-roque-perez-4.jpg?resize=768%2C427&amp;ssl=1 768w\" sizes=\"auto, (max-width: 800px) 100vw, 800px\" \/><\/p>\n<p>&nbsp;<\/p>\n<p>Respecto de <strong>la persona fallecida, se indic\u00f3 que es un hombre de 68 a\u00f1os<\/strong> con domicilio en Capital Federal. Iba al mando de un Chevrolet Corsa Dominio GRM-842 y era el \u00fanico ocupante del veh\u00edculo.<\/p>\n<p>&nbsp;<\/p>\n<p>Actualmente -tras unas cuatro horas desde que se produjo el siniestro-, la ruta 205 a la altura del kil\u00f3metro 140, permanece con tr\u00e1nsito parcialmente liberado.<\/p>\n<p>&nbsp;<\/p>\n<p>Polic\u00eda Cient\u00edfica trabaja en el lugar a fin de establecer las causales del siniestro.<\/p>\n<p>&nbsp;<\/p>\n<p>Fuente y fotos: <em>Roque P\u00e9rez Hoy<\/em><\/p>\n<p>&nbsp;<\/p>\n","protected":false},"excerpt":{"rendered":"<p>Se trata de una mujer de 66 a\u00f1os y un hombre de 47 a\u00f1os, quienes viajaban en la ambulancia. La<\/p>\n","protected":false},"author":4,"featured_media":75601,"comment_status":"closed","ping_status":"closed","sticky":false,"template":"","format":"standard","meta":{"_jetpack_memberships_contains_paid_content":false,"footnotes":""},"categories":[14,1],"tags":[],"class_list":["post-75603","post","type-post","status-publish","format-standard","has-post-thumbnail","hentry","category-policiales","category-portada"],"jetpack_featured_media_url":"https:\/\/i0.wp.com\/cdnoticias.com\/wp-content\/uploads\/2023\/01\/choque-roque-perez-0.jpg?fit=800%2C445&ssl=1","jetpack_sharing_enabled":true,"_links":{"self":[{"href":"https:\/\/cdnoticias.com\/index.php\/wp-json\/wp\/v2\/posts\/75603","targetHints":{"allow":["GET"]}}],"collection":[{"href":"https:\/\/cdnoticias.com\/index.php\/wp-json\/wp\/v2\/posts"}],"about":[{"href":"https:\/\/cdnoticias.com\/index.php\/wp-json\/wp\/v2\/types\/post"}],"author":[{"embeddable":true,"href":"https:\/\/cdnoticias.com\/index.php\/wp-json\/wp\/v2\/users\/4"}],"replies":[{"embeddable":true,"href":"https:\/\/cdnoticias.com\/index.php\/wp-json\/wp\/v2\/comments?post=75603"}],"version-history":[{"count":0,"href":"https:\/\/cdnoticias.com\/index.php\/wp-json\/wp\/v2\/posts\/75603\/revisions"}],"wp:featuredmedia":[{"embeddable":true,"href":"https:\/\/cdnoticias.com\/index.php\/wp-json\/wp\/v2\/media\/75601"}],"wp:attachment":[{"href":"https:\/\/cdnoticias.com\/index.php\/wp-json\/wp\/v2\/media?parent=75603"}],"wp:term":[{"taxonomy":"category","embeddable":true,"href":"https:\/\/cdnoticias.com\/index.php\/wp-json\/wp\/v2\/categories?post=75603"},{"taxonomy":"post_tag","embeddable":true,"href":"https:\/\/cdnoticias.com\/index.php\/wp-json\/wp\/v2\/tags?post=75603"}],"curies":[{"name":"wp","href":"https:\/\/api.w.org\/{rel}","templated":true}]}}