{"id":756,"date":"2020-09-04T12:52:13","date_gmt":"2020-09-04T15:52:13","guid":{"rendered":"http:\/\/www.centraldenoticias.com.ar\/?p=756"},"modified":"2020-09-04T13:26:57","modified_gmt":"2020-09-04T16:26:57","slug":"mejoras-en-las-instalaciones-gas-de-27-escuelas","status":"publish","type":"post","link":"https:\/\/cdnoticias.com\/index.php\/2020\/09\/04\/mejoras-en-las-instalaciones-gas-de-27-escuelas\/","title":{"rendered":"Mejoras en las instalaciones de gas de 27 escuelas"},"content":{"rendered":"<p>Recibir\u00e1n un aporte econ\u00f3mico del Estado Provincial para ejecutar obras de refacci\u00f3n en instalaciones de gas. El monto total es de m\u00e1s de 2.5 millones de pesos.<!--more--><\/p>\n<hr \/>\n<p>Federico Aguilera, referente local del Frente de Todos y funcionario provincial, inform\u00f3 que <strong>27 instituciones educativas de Olavarr\u00eda fueron seleccionadas para llevar adelante refacciones en instalaciones de gas<\/strong>. Las obras se concretar\u00e1n en el marco del Programa Especial de Emergencia Educativa.<\/p>\n<p>Entre los establecimientos que tendr\u00e1n mejoras hay escuelas primarias, secundarias, jardines de infantes y centros de educaci\u00f3n complementaria.<strong> Se asignaron 2.695.000 millones de pesos.<\/strong> Los fondos ser\u00e1n administrados por el Consejo Escolar de Olavarr\u00eda.<\/p>\n<blockquote><p>La Escuela T\u00e9cnica N.\u00ba 1 y la Secundaria 18 son las que requerir\u00e1n mayores fondos. Adem\u00e1s, las obras se llevar\u00e1n adelante en la Escuela Agraria 1, el CEC N\u00b0802, N\u00b0803 y 804; las Escuelas Especiales 502 y 503; los jardines 903, 906, 911, 912, 913 y 915. En cuanto a las Primarias, tendr\u00e1n mejoras las escuelas N\u00b04, N\u00b08, N\u00b017, N\u00b022, N\u00b057, N\u00b058, N\u00b060, y N\u00b077. Tambi\u00e9n las Secundarias N\u00b04, N\u00b07, N\u00b012, N\u00b017 y N\u00b021.<\/p><\/blockquote>\n<p>Las condiciones de las instalaciones de gas son un problema habitual en numerosos establecimientos educativos. En general, las obras se llevan adelante a inicios de a\u00f1o y durante la temporada estival para que ya est\u00e9n listos los sistemas para utilizarse cuando bajan las temperaturas. Pero en el marco de la emergencia sanitaria este a\u00f1o casi no se utilizaron las aulas.<\/p>\n<p>Aguilera apunt\u00f3 a la mejora en la infraestructura y a la generaci\u00f3n de empleo. Indic\u00f3 que <strong>\u201cel programa es sumamente importante ya que es necesario contar con una infraestructura escolar acorde para asegurar un correcto proceso de aprendizaje y adem\u00e1s genera empleo en nuestra ciudad\u201d<\/strong>.<\/p>\n<p>Se record\u00f3 que el programa \u201cEscuelas a la Obra\u201d, fue lanzado por el gobernador Axel Kicillof en enero de este a\u00f1o y se trata de una pol\u00edtica que busca trabajar junto a los municipios y a toda la comunidad educativa, para revertir el deterioro de la infraestructura escolar.<\/p>\n","protected":false},"excerpt":{"rendered":"<p>Recibir\u00e1n un aporte econ\u00f3mico del Estado Provincial para ejecutar obras de refacci\u00f3n en instalaciones de gas. El monto total es<\/p>\n","protected":false},"author":4,"featured_media":757,"comment_status":"closed","ping_status":"closed","sticky":false,"template":"","format":"standard","meta":{"_jetpack_memberships_contains_paid_content":false,"footnotes":""},"categories":[5,1],"tags":[],"class_list":["post-756","post","type-post","status-publish","format-standard","has-post-thumbnail","hentry","category-informacion-general","category-portada"],"jetpack_featured_media_url":"https:\/\/i0.wp.com\/cdnoticias.com\/wp-content\/uploads\/2020\/09\/escuela.jpg?fit=1004%2C669&ssl=1","jetpack_sharing_enabled":true,"_links":{"self":[{"href":"https:\/\/cdnoticias.com\/index.php\/wp-json\/wp\/v2\/posts\/756","targetHints":{"allow":["GET"]}}],"collection":[{"href":"https:\/\/cdnoticias.com\/index.php\/wp-json\/wp\/v2\/posts"}],"about":[{"href":"https:\/\/cdnoticias.com\/index.php\/wp-json\/wp\/v2\/types\/post"}],"author":[{"embeddable":true,"href":"https:\/\/cdnoticias.com\/index.php\/wp-json\/wp\/v2\/users\/4"}],"replies":[{"embeddable":true,"href":"https:\/\/cdnoticias.com\/index.php\/wp-json\/wp\/v2\/comments?post=756"}],"version-history":[{"count":0,"href":"https:\/\/cdnoticias.com\/index.php\/wp-json\/wp\/v2\/posts\/756\/revisions"}],"wp:featuredmedia":[{"embeddable":true,"href":"https:\/\/cdnoticias.com\/index.php\/wp-json\/wp\/v2\/media\/757"}],"wp:attachment":[{"href":"https:\/\/cdnoticias.com\/index.php\/wp-json\/wp\/v2\/media?parent=756"}],"wp:term":[{"taxonomy":"category","embeddable":true,"href":"https:\/\/cdnoticias.com\/index.php\/wp-json\/wp\/v2\/categories?post=756"},{"taxonomy":"post_tag","embeddable":true,"href":"https:\/\/cdnoticias.com\/index.php\/wp-json\/wp\/v2\/tags?post=756"}],"curies":[{"name":"wp","href":"https:\/\/api.w.org\/{rel}","templated":true}]}}