{"id":75596,"date":"2023-01-27T10:14:21","date_gmt":"2023-01-27T13:14:21","guid":{"rendered":"https:\/\/www.centraldenoticias.com.ar\/?p=75596"},"modified":"2023-01-27T10:40:21","modified_gmt":"2023-01-27T13:40:21","slug":"olavarrienses-implicados-en-un-choque-fatal-en-roque-perez","status":"publish","type":"post","link":"https:\/\/cdnoticias.com\/index.php\/2023\/01\/27\/olavarrienses-implicados-en-un-choque-fatal-en-roque-perez\/","title":{"rendered":"Olavarrienses implicados en un choque fatal en Roque P\u00e9rez"},"content":{"rendered":"<p>Una ambulancia impact\u00f3 de frente contra un auto. Fue en la ma\u00f1ana de este viernes en ruta 205 a la altura del kil\u00f3metro 140.<!--more--><\/p>\n<hr \/>\n<p><strong>Dos olavarrienses a bordo de una ambulancia<\/strong> se vieron involucrados en un <strong>siniestro vial fatal<\/strong> en el distrito de Roque P\u00e9rez.<\/p>\n<p>&nbsp;<\/p>\n<p>El caso se dio<strong> sobre la ruta 205 a la altura del kil\u00f3metro 140<\/strong> hacia las 6 de la ma\u00f1ana de este viernes.<\/p>\n<p>&nbsp;<\/p>\n<p><img data-recalc-dims=\"1\" loading=\"lazy\" decoding=\"async\" class=\"size-full wp-image-75601 aligncenter\" src=\"https:\/\/i0.wp.com\/cdnoticias.com\/wp-content\/uploads\/2023\/01\/choque-roque-perez-0.jpg?resize=800%2C445&#038;ssl=1\" alt=\"\" width=\"800\" height=\"445\" srcset=\"https:\/\/i0.wp.com\/cdnoticias.com\/wp-content\/uploads\/2023\/01\/choque-roque-perez-0.jpg?w=800&amp;ssl=1 800w, https:\/\/i0.wp.com\/cdnoticias.com\/wp-content\/uploads\/2023\/01\/choque-roque-perez-0.jpg?resize=300%2C167&amp;ssl=1 300w, https:\/\/i0.wp.com\/cdnoticias.com\/wp-content\/uploads\/2023\/01\/choque-roque-perez-0.jpg?resize=768%2C427&amp;ssl=1 768w\" sizes=\"auto, (max-width: 800px) 100vw, 800px\" \/><\/p>\n<p><img data-recalc-dims=\"1\" loading=\"lazy\" decoding=\"async\" class=\"size-full wp-image-75600 aligncenter\" src=\"https:\/\/i0.wp.com\/cdnoticias.com\/wp-content\/uploads\/2023\/01\/choque-roque-perez-4.jpg?resize=800%2C445&#038;ssl=1\" alt=\"\" width=\"800\" height=\"445\" srcset=\"https:\/\/i0.wp.com\/cdnoticias.com\/wp-content\/uploads\/2023\/01\/choque-roque-perez-4.jpg?w=800&amp;ssl=1 800w, https:\/\/i0.wp.com\/cdnoticias.com\/wp-content\/uploads\/2023\/01\/choque-roque-perez-4.jpg?resize=300%2C167&amp;ssl=1 300w, https:\/\/i0.wp.com\/cdnoticias.com\/wp-content\/uploads\/2023\/01\/choque-roque-perez-4.jpg?resize=768%2C427&amp;ssl=1 768w\" sizes=\"auto, (max-width: 800px) 100vw, 800px\" \/><\/p>\n<p>&nbsp;<\/p>\n<p>Se trat\u00f3 de un <strong>choque frontal<\/strong> en el que se vieron involucrados <strong>una ambulancia de la firma Samak y un auto Chevrolet Corsa Clase 2.<\/strong><\/p>\n<p>&nbsp;<\/p>\n<blockquote><p>Al mando del auto iba un \u00fanico ocupante quien falleci\u00f3 de forma inmediata. En tanto, a bordo de la ambulancia circulaban dos olavarrienses quienes resultaron heridos y fueron derivados al Hospital de Roque P\u00e9rez.<\/p><\/blockquote>\n<p>&nbsp;<\/p>\n<p><strong>Central de Noticias<\/strong> dialog\u00f3 con Bomberos Voluntarios de Roque P\u00e9rez desde donde se indic\u00f3 que el choque se produjo de manera frontal mientras que <strong>llov\u00eda copiosamente en ese sector de la ruta 205.<\/strong><\/p>\n<p>&nbsp;<\/p>\n<p><img data-recalc-dims=\"1\" loading=\"lazy\" decoding=\"async\" class=\"size-full wp-image-75598 aligncenter\" src=\"https:\/\/i0.wp.com\/cdnoticias.com\/wp-content\/uploads\/2023\/01\/choque-roque-perez-2.jpg?resize=800%2C445&#038;ssl=1\" alt=\"\" width=\"800\" height=\"445\" srcset=\"https:\/\/i0.wp.com\/cdnoticias.com\/wp-content\/uploads\/2023\/01\/choque-roque-perez-2.jpg?w=800&amp;ssl=1 800w, https:\/\/i0.wp.com\/cdnoticias.com\/wp-content\/uploads\/2023\/01\/choque-roque-perez-2.jpg?resize=300%2C167&amp;ssl=1 300w, https:\/\/i0.wp.com\/cdnoticias.com\/wp-content\/uploads\/2023\/01\/choque-roque-perez-2.jpg?resize=768%2C427&amp;ssl=1 768w\" sizes=\"auto, (max-width: 800px) 100vw, 800px\" \/><\/p>\n<p><img data-recalc-dims=\"1\" loading=\"lazy\" decoding=\"async\" class=\"size-full wp-image-75597 aligncenter\" src=\"https:\/\/i0.wp.com\/cdnoticias.com\/wp-content\/uploads\/2023\/01\/choque-roque-perez-1.jpg?resize=800%2C600&#038;ssl=1\" alt=\"\" width=\"800\" height=\"600\" srcset=\"https:\/\/i0.wp.com\/cdnoticias.com\/wp-content\/uploads\/2023\/01\/choque-roque-perez-1.jpg?w=800&amp;ssl=1 800w, https:\/\/i0.wp.com\/cdnoticias.com\/wp-content\/uploads\/2023\/01\/choque-roque-perez-1.jpg?resize=300%2C225&amp;ssl=1 300w, https:\/\/i0.wp.com\/cdnoticias.com\/wp-content\/uploads\/2023\/01\/choque-roque-perez-1.jpg?resize=768%2C576&amp;ssl=1 768w\" sizes=\"auto, (max-width: 800px) 100vw, 800px\" \/><\/p>\n<p>&nbsp;<\/p>\n<p><strong>Tres unidades de bomberos<\/strong> intervinieron para asistir en el siniestro. Dos de las unidades fueron de <strong>rescate<\/strong>, ya que tanto la persona fallecida del auto como los ocupantes de la combi que funciona como ambulancia tuvieron que ser<strong> extricados porque estaban atrapados entre los hierros del veh\u00edculo<\/strong>.<\/p>\n<p>&nbsp;<\/p>\n<p>A su vez, en el lugar trabaj\u00f3 una unidad de voluntarios de <strong>apoyo<\/strong> y tambi\u00e9n <strong>personal policial<\/strong> para el control del tr\u00e1nsito en el sector.<\/p>\n<p>&nbsp;<\/p>\n<p>Fotos:<em> Roque P\u00e9rez Hoy<\/em><\/p>\n<p>&nbsp;<\/p>\n","protected":false},"excerpt":{"rendered":"<p>Una ambulancia impact\u00f3 de frente contra un auto. Fue en la ma\u00f1ana de este viernes en ruta 205 a la<\/p>\n","protected":false},"author":4,"featured_media":75599,"comment_status":"closed","ping_status":"closed","sticky":false,"template":"","format":"standard","meta":{"_jetpack_memberships_contains_paid_content":false,"footnotes":""},"categories":[14,1],"tags":[],"class_list":["post-75596","post","type-post","status-publish","format-standard","has-post-thumbnail","hentry","category-policiales","category-portada"],"jetpack_featured_media_url":"https:\/\/i0.wp.com\/cdnoticias.com\/wp-content\/uploads\/2023\/01\/choque-roque-perez-3.jpg?fit=800%2C445&ssl=1","jetpack_sharing_enabled":true,"_links":{"self":[{"href":"https:\/\/cdnoticias.com\/index.php\/wp-json\/wp\/v2\/posts\/75596","targetHints":{"allow":["GET"]}}],"collection":[{"href":"https:\/\/cdnoticias.com\/index.php\/wp-json\/wp\/v2\/posts"}],"about":[{"href":"https:\/\/cdnoticias.com\/index.php\/wp-json\/wp\/v2\/types\/post"}],"author":[{"embeddable":true,"href":"https:\/\/cdnoticias.com\/index.php\/wp-json\/wp\/v2\/users\/4"}],"replies":[{"embeddable":true,"href":"https:\/\/cdnoticias.com\/index.php\/wp-json\/wp\/v2\/comments?post=75596"}],"version-history":[{"count":0,"href":"https:\/\/cdnoticias.com\/index.php\/wp-json\/wp\/v2\/posts\/75596\/revisions"}],"wp:featuredmedia":[{"embeddable":true,"href":"https:\/\/cdnoticias.com\/index.php\/wp-json\/wp\/v2\/media\/75599"}],"wp:attachment":[{"href":"https:\/\/cdnoticias.com\/index.php\/wp-json\/wp\/v2\/media?parent=75596"}],"wp:term":[{"taxonomy":"category","embeddable":true,"href":"https:\/\/cdnoticias.com\/index.php\/wp-json\/wp\/v2\/categories?post=75596"},{"taxonomy":"post_tag","embeddable":true,"href":"https:\/\/cdnoticias.com\/index.php\/wp-json\/wp\/v2\/tags?post=75596"}],"curies":[{"name":"wp","href":"https:\/\/api.w.org\/{rel}","templated":true}]}}