{"id":75593,"date":"2023-01-28T15:08:06","date_gmt":"2023-01-28T18:08:06","guid":{"rendered":"https:\/\/www.centraldenoticias.com.ar\/?p=75593"},"modified":"2023-01-30T10:16:17","modified_gmt":"2023-01-30T13:16:17","slug":"las-vacunas-bivalentes-estarian-disponibles-la-proxima-semana-en-la-region-sanitaria-ix","status":"publish","type":"post","link":"https:\/\/cdnoticias.com\/index.php\/2023\/01\/28\/las-vacunas-bivalentes-estarian-disponibles-la-proxima-semana-en-la-region-sanitaria-ix\/","title":{"rendered":"Las vacunas bivalentes estar\u00edan disponibles la pr\u00f3xima semana en la Regi\u00f3n Sanitaria IX"},"content":{"rendered":"<p>As\u00ed lo confirm\u00f3 a diario El Tiempo el titular del organismo, Ramiro Borzi. Las nuevas dosis contra el Covid podr\u00e1n ser aplicadas a mayores de 12 a\u00f1os.<!--more--><\/p>\n<hr \/>\n<p>Las <strong>vacunas bivalentes contra Covid llegar\u00edan a Azul la primera semana de febrero y ser\u00e1n distribuidas en todos los vacunatorios de la Regi\u00f3n Sanitaria IX<\/strong>, seg\u00fan inform\u00f3 <strong>Ramiro Borzi, director del organismo de salud<\/strong>, a diario <em>El Tiempo.<\/em><\/p>\n<p>&nbsp;<\/p>\n<p>Las dosis &#8220;estar\u00edan llegando a la Regi\u00f3n Sanitaria IX y se empezar\u00eda con la distribuci\u00f3n&#8221;, confirm\u00f3 Borzi y agreg\u00f3: <strong>&#8220;se estima que ocurrir\u00e1 sobre el fin de la semana pr\u00f3xima y ser\u00e1n distribuidas de forma inmediata en todos los vacunatorios&#8221;<\/strong> de la jurisdicci\u00f3n a su cargo.<\/p>\n<p>&nbsp;<\/p>\n<p>La Regi\u00f3n Sanitaria IX est\u00e1 comprendida por los distritos de<strong> Azul, Benito Ju\u00e1rez, Bol\u00edvar, Olavarr\u00eda, Rauch, Tapalqu\u00e9, General Alvear, Las Flores, La Madrid y Laprida.<\/strong><\/p>\n<p>&nbsp;<\/p>\n<p>El responsable del organismo sanitario con sede en Azul puntualiz\u00f3 que &#8220;esta vacuna inmuniza contra diferentes variantes del Covid, con la particularidad de que se va a aplicar a mayores de 12 a\u00f1os de edad&#8221;.<\/p>\n<p>&nbsp;<\/p>\n<blockquote><p>Detall\u00f3, al respecto, que &#8220;las vacunas son de Pfizer y se aplicar\u00e1n a mayores de 12 a\u00f1os, como refuerzo; es decir que estamos hablando de segundas, terceras, cuartas, quintas dosis, seg\u00fan los casos, en los que se va a utilizar este tipo de vacunas&#8221;.<\/p><\/blockquote>\n<p>&nbsp;<\/p>\n<p>De todos modos, explic\u00f3 Borzi, resulta importante destacar, adem\u00e1s, que &#8220;<strong>la pauta para refuerzo sigue siendo la misma que antes.<\/strong> Esto es, pasados cuatro meses de la dosis anterior, cualquier persona a la que le falte alguna de estas dosis, puede concurrir en forma espont\u00e1nea y se vacuna&#8221;.<\/p>\n<p>&nbsp;<\/p>\n<p>Es importante se\u00f1alar que <strong>las bivalentes est\u00e1n autorizadas para diferentes edades.<\/strong> En el caso de las dosis del <strong>laboratorio Pfizer\/BioNtech est\u00e1n autorizadas para su uso en poblaci\u00f3n general a partir de los 12 a\u00f1os.<\/strong> En el caso de las bivariantes del <strong>laboratorio Moderna se encuentran autorizadas para su uso en poblaci\u00f3n general a partir de los 6 a\u00f1os.<\/strong><\/p>\n<p>&nbsp;<\/p>\n<p><em>Fuente: Diario El Tiempo.\u00a0<\/em><\/p>\n","protected":false},"excerpt":{"rendered":"<p>As\u00ed lo confirm\u00f3 a diario El Tiempo el titular del organismo, Ramiro Borzi. Las nuevas dosis contra el Covid podr\u00e1n<\/p>\n","protected":false},"author":5,"featured_media":36925,"comment_status":"closed","ping_status":"closed","sticky":false,"template":"","format":"standard","meta":{"_jetpack_memberships_contains_paid_content":false,"footnotes":""},"categories":[16,1],"tags":[],"class_list":["post-75593","post","type-post","status-publish","format-standard","has-post-thumbnail","hentry","category-covid-19","category-portada"],"jetpack_featured_media_url":"https:\/\/i0.wp.com\/cdnoticias.com\/wp-content\/uploads\/2021\/10\/vacunacion-itinerante-borzi-00.jpg?fit=800%2C445&ssl=1","jetpack_sharing_enabled":true,"_links":{"self":[{"href":"https:\/\/cdnoticias.com\/index.php\/wp-json\/wp\/v2\/posts\/75593","targetHints":{"allow":["GET"]}}],"collection":[{"href":"https:\/\/cdnoticias.com\/index.php\/wp-json\/wp\/v2\/posts"}],"about":[{"href":"https:\/\/cdnoticias.com\/index.php\/wp-json\/wp\/v2\/types\/post"}],"author":[{"embeddable":true,"href":"https:\/\/cdnoticias.com\/index.php\/wp-json\/wp\/v2\/users\/5"}],"replies":[{"embeddable":true,"href":"https:\/\/cdnoticias.com\/index.php\/wp-json\/wp\/v2\/comments?post=75593"}],"version-history":[{"count":0,"href":"https:\/\/cdnoticias.com\/index.php\/wp-json\/wp\/v2\/posts\/75593\/revisions"}],"wp:featuredmedia":[{"embeddable":true,"href":"https:\/\/cdnoticias.com\/index.php\/wp-json\/wp\/v2\/media\/36925"}],"wp:attachment":[{"href":"https:\/\/cdnoticias.com\/index.php\/wp-json\/wp\/v2\/media?parent=75593"}],"wp:term":[{"taxonomy":"category","embeddable":true,"href":"https:\/\/cdnoticias.com\/index.php\/wp-json\/wp\/v2\/categories?post=75593"},{"taxonomy":"post_tag","embeddable":true,"href":"https:\/\/cdnoticias.com\/index.php\/wp-json\/wp\/v2\/tags?post=75593"}],"curies":[{"name":"wp","href":"https:\/\/api.w.org\/{rel}","templated":true}]}}