{"id":75566,"date":"2023-01-26T21:22:38","date_gmt":"2023-01-27T00:22:38","guid":{"rendered":"https:\/\/www.centraldenoticias.com.ar\/?p=75566"},"modified":"2023-01-27T08:55:54","modified_gmt":"2023-01-27T11:55:54","slug":"zayla-empece-a-rapear-a-los-8-anos-y-ahi-descubri-que-no-era-solamente-un-hobby","status":"publish","type":"post","link":"https:\/\/cdnoticias.com\/index.php\/2023\/01\/26\/zayla-empece-a-rapear-a-los-8-anos-y-ahi-descubri-que-no-era-solamente-un-hobby\/","title":{"rendered":"Zayla: &#8220;Empec\u00e9 a rapear a los 8 a\u00f1os y ah\u00ed descubr\u00ed que no era solamente un hobby&#8221;"},"content":{"rendered":"<p>Zayla vive en Olavarr\u00eda, rapea sus propios temas, y ya comenz\u00f3 a subirse a escenarios de distintas ciudades para mostrar su m\u00fasica. C\u00f3mo es la movida del freestyle, la organizaci\u00f3n de cada evento y las inspiraciones a la hora de componer. <!--more--><\/p>\n<hr \/>\n<p><em><strong>Danisa Jaime \/\/ @_jdanisa<\/strong><\/em><\/p>\n<p><em><strong>Del staff de Central de Noticias\u00a0<\/strong><\/em><\/p>\n<p>&nbsp;<\/p>\n<p>La <strong>movida del freestyle est\u00e1 creciendo cada vez m\u00e1s en Olavarr\u00eda<\/strong>, y a la par, comienzan a <strong>aparecer voces que quieren decir muchas cosas<\/strong> y lograr metas propias cueste lo que cueste.<\/p>\n<p>&nbsp;<\/p>\n<p><strong>Zayla<\/strong> naci\u00f3 en Mar de Plata, se cri\u00f3 en Colonia San Miguel y ahora vive en Olavarr\u00eda donde <strong>rapea sus propias canciones y participa de espectadora<\/strong> en todas las <strong>batallas de freestyle<\/strong> de la ciudad.<\/p>\n<p>&nbsp;<\/p>\n<p><strong><em>Central de Noticias<\/em><\/strong> dialog\u00f3 con <strong>Zayla<\/strong> quien expres\u00f3 que la movida actualmente est\u00e1 ayudando a que &#8220;<strong>se abran m\u00e1s puertas en todo lo que es competencia de freestyle<\/strong>. Hay muchas m\u00e1s oportunidades para ir a nacionales. Todo est\u00e1 creciendo mucho a comparaci\u00f3n de dos a\u00f1os atr\u00e1s. <strong>Antes era m\u00e1s dif\u00edcil en todo sentido: en lo econ\u00f3mico, en que hab\u00eda pocos raperos. <\/strong>Ahora pueden viajar a otros lugares y sumar puntos para competencias importantes, que antes no se ve\u00eda&#8221;.<\/p>\n<p>&nbsp;<\/p>\n<p><img data-recalc-dims=\"1\" loading=\"lazy\" decoding=\"async\" class=\"alignnone size-full wp-image-75491\" src=\"https:\/\/i0.wp.com\/cdnoticias.com\/wp-content\/uploads\/2023\/01\/zayla-rap1-scaled.jpg?resize=800%2C445&#038;ssl=1\" alt=\"\" width=\"800\" height=\"445\" srcset=\"https:\/\/i0.wp.com\/cdnoticias.com\/wp-content\/uploads\/2023\/01\/zayla-rap1-scaled.jpg?w=2560&amp;ssl=1 2560w, https:\/\/i0.wp.com\/cdnoticias.com\/wp-content\/uploads\/2023\/01\/zayla-rap1-scaled.jpg?resize=300%2C167&amp;ssl=1 300w, https:\/\/i0.wp.com\/cdnoticias.com\/wp-content\/uploads\/2023\/01\/zayla-rap1-scaled.jpg?resize=1024%2C570&amp;ssl=1 1024w, https:\/\/i0.wp.com\/cdnoticias.com\/wp-content\/uploads\/2023\/01\/zayla-rap1-scaled.jpg?resize=768%2C427&amp;ssl=1 768w, https:\/\/i0.wp.com\/cdnoticias.com\/wp-content\/uploads\/2023\/01\/zayla-rap1-scaled.jpg?resize=1536%2C855&amp;ssl=1 1536w, https:\/\/i0.wp.com\/cdnoticias.com\/wp-content\/uploads\/2023\/01\/zayla-rap1-scaled.jpg?resize=2048%2C1140&amp;ssl=1 2048w, https:\/\/i0.wp.com\/cdnoticias.com\/wp-content\/uploads\/2023\/01\/zayla-rap1-scaled.jpg?resize=800%2C445&amp;ssl=1 800w, https:\/\/i0.wp.com\/cdnoticias.com\/wp-content\/uploads\/2023\/01\/zayla-rap1-scaled.jpg?w=1600&amp;ssl=1 1600w, https:\/\/i0.wp.com\/cdnoticias.com\/wp-content\/uploads\/2023\/01\/zayla-rap1-scaled.jpg?w=2400&amp;ssl=1 2400w\" sizes=\"auto, (max-width: 800px) 100vw, 800px\" \/><\/p>\n<p>&nbsp;<\/p>\n<p>Por otra parte, coment\u00f3 que este viernes hay una<strong> nueva batalla <\/strong>donde ya hay <strong>gente confirmada de Azul, Tandil, Necochea, Bah\u00eda Blanca, Buenos aires<\/strong> y otros lugares: <em><strong>&#8220;Uno de los problemas es que al venir mucha gente de afuera,\u00a0no tienen donde quedarse a dormir. Entonces nosotros le damos el lugar, pero somos muy pocos los que podemos&#8221;<\/strong> <\/em>remarc\u00f3 Zayla.<\/p>\n<p>&nbsp;<\/p>\n<p>Los lugares que frecuentan los chicos y chicas para <strong>realizar freestyle<\/strong> son lugares p\u00fablicos como <strong>plazas, <\/strong>el <strong>skatepark <\/strong>o el<strong> parque<\/strong>. <em><strong>&#8220;Los organizadores lo hacen todo a pulm\u00f3n, el Municipio no ayuda. Muchas veces el que gana competencias ac\u00e1 tiene cupo para clasificar en Tandil o Azul&#8221;<\/strong><\/em> se\u00f1al\u00f3 Zayla.<\/p>\n<p>&nbsp;<\/p>\n<blockquote><p>En la misma l\u00ednea, Zayla se\u00f1al\u00f3 que en las batallas de freestyle &#8220;siempre fueron m\u00e1s hombres. Soy la \u00fanica mujer en Olavarr\u00eda rapera y todav\u00eda no me animo a batallar. Hay muchas chicas que van a mirar, pero nadie hace m\u00fasica ni actualmente participa de las batallas. A m\u00ed me cuesta competir porque me da verg\u00fcenza ser la \u00fanica mujer, eso hace que cueste m\u00e1s que otras tambi\u00e9n se animen. Se que hay chicas de ac\u00e1 que tienen ganas de rapear y trato de incentivarlas&#8221;.<\/p><\/blockquote>\n<p>&nbsp;<\/p>\n<p>Zayla cont\u00f3 c\u00f3mo fueron sus <strong>comienzos en la m\u00fasica,<\/strong> y expres\u00f3 que &#8220;<em><strong>desde chiquita estoy en el ambiente del freestyle. Empec\u00e9 a rapear y escribir temas a los 8 a\u00f1os y ah\u00ed descubr\u00ed que no era solamente un hobby, quer\u00eda trabajar de eso.<\/strong> <\/em>Saco m\u00fasica individualmente pero no batallo, s\u00ed voy a todas las competencias. Empec\u00e9 completamente sola. Mi familia no apoyaba mucho porque yo ten\u00eda 8 a\u00f1os y por cuestiones l\u00f3gicas no me dejaban ir a las competencias o no conoc\u00edan el ambiente y se preocupaban, entonces hasta los 13 rapeaba a escondidas&#8221;.<\/p>\n<p>&nbsp;<\/p>\n<p><img data-recalc-dims=\"1\" loading=\"lazy\" decoding=\"async\" class=\"aligncenter wp-image-75572 size-full\" src=\"https:\/\/i0.wp.com\/cdnoticias.com\/wp-content\/uploads\/2023\/01\/WhatsApp-Image-2023-01-26-at-18.59.05.jpeg?resize=720%2C662&#038;ssl=1\" alt=\"\" width=\"720\" height=\"662\" srcset=\"https:\/\/i0.wp.com\/cdnoticias.com\/wp-content\/uploads\/2023\/01\/WhatsApp-Image-2023-01-26-at-18.59.05.jpeg?w=720&amp;ssl=1 720w, https:\/\/i0.wp.com\/cdnoticias.com\/wp-content\/uploads\/2023\/01\/WhatsApp-Image-2023-01-26-at-18.59.05.jpeg?resize=300%2C276&amp;ssl=1 300w\" sizes=\"auto, (max-width: 720px) 100vw, 720px\" \/><\/p>\n<p>&nbsp;<\/p>\n<p><img data-recalc-dims=\"1\" loading=\"lazy\" decoding=\"async\" class=\"alignnone size-full wp-image-75493\" src=\"https:\/\/i0.wp.com\/cdnoticias.com\/wp-content\/uploads\/2023\/01\/zayla-rap3-scaled.jpg?resize=800%2C445&#038;ssl=1\" alt=\"\" width=\"800\" height=\"445\" srcset=\"https:\/\/i0.wp.com\/cdnoticias.com\/wp-content\/uploads\/2023\/01\/zayla-rap3-scaled.jpg?w=2560&amp;ssl=1 2560w, https:\/\/i0.wp.com\/cdnoticias.com\/wp-content\/uploads\/2023\/01\/zayla-rap3-scaled.jpg?resize=300%2C167&amp;ssl=1 300w, https:\/\/i0.wp.com\/cdnoticias.com\/wp-content\/uploads\/2023\/01\/zayla-rap3-scaled.jpg?resize=1024%2C570&amp;ssl=1 1024w, https:\/\/i0.wp.com\/cdnoticias.com\/wp-content\/uploads\/2023\/01\/zayla-rap3-scaled.jpg?resize=768%2C427&amp;ssl=1 768w, https:\/\/i0.wp.com\/cdnoticias.com\/wp-content\/uploads\/2023\/01\/zayla-rap3-scaled.jpg?resize=1536%2C855&amp;ssl=1 1536w, https:\/\/i0.wp.com\/cdnoticias.com\/wp-content\/uploads\/2023\/01\/zayla-rap3-scaled.jpg?resize=2048%2C1140&amp;ssl=1 2048w, https:\/\/i0.wp.com\/cdnoticias.com\/wp-content\/uploads\/2023\/01\/zayla-rap3-scaled.jpg?resize=800%2C445&amp;ssl=1 800w, https:\/\/i0.wp.com\/cdnoticias.com\/wp-content\/uploads\/2023\/01\/zayla-rap3-scaled.jpg?w=1600&amp;ssl=1 1600w, https:\/\/i0.wp.com\/cdnoticias.com\/wp-content\/uploads\/2023\/01\/zayla-rap3-scaled.jpg?w=2400&amp;ssl=1 2400w\" sizes=\"auto, (max-width: 800px) 100vw, 800px\" \/><\/p>\n<p>&nbsp;<\/p>\n<p>&#8220;Lo hice todo sola. <strong>Mi primer tema lo grab\u00e9 a los 13 a\u00f1os en Azul,<\/strong> fue el regalo de cumplea\u00f1os de mis pap\u00e1s que me llevaron hasta all\u00e1 y ah\u00ed empec\u00e9 a moverme por mi cuenta. Actualmente hace tres a\u00f1os que trabajo en Mar del Plata grabando los videos y haciendo la producci\u00f3n musical&#8221; agreg\u00f3 Zayla.<\/p>\n<p>&nbsp;<\/p>\n<p>Adem\u00e1s, <strong>Zayla<\/strong> se present\u00f3 en el <strong>Teatro Municipal<\/strong> y fue a mostrar su m\u00fasica en <strong>festivales de freestyle en Necochea, Mar del Plata y Azul:<\/strong> &#8220;<em>Fueron mis primeros escenarios y ten\u00eda muchos nervios, sobre todo el de Necochea que fue el show m\u00e1s grande que di y el del Teatro Municipal ac\u00e1 en Olavarr\u00eda, pero una vez que te sub\u00eds al escenario es una experiencia incre\u00edble. Hab\u00eda dado shows pero chicos, no a nivel de un teatro. Fue una locura con mucha gente&#8221;.<\/em><\/p>\n<p>&nbsp;<\/p>\n<p><img data-recalc-dims=\"1\" loading=\"lazy\" decoding=\"async\" class=\"alignnone size-full wp-image-75495\" src=\"https:\/\/i0.wp.com\/cdnoticias.com\/wp-content\/uploads\/2023\/01\/zayla-rap5-scaled.jpg?resize=800%2C445&#038;ssl=1\" alt=\"\" width=\"800\" height=\"445\" srcset=\"https:\/\/i0.wp.com\/cdnoticias.com\/wp-content\/uploads\/2023\/01\/zayla-rap5-scaled.jpg?w=2560&amp;ssl=1 2560w, https:\/\/i0.wp.com\/cdnoticias.com\/wp-content\/uploads\/2023\/01\/zayla-rap5-scaled.jpg?resize=300%2C167&amp;ssl=1 300w, https:\/\/i0.wp.com\/cdnoticias.com\/wp-content\/uploads\/2023\/01\/zayla-rap5-scaled.jpg?resize=1024%2C570&amp;ssl=1 1024w, https:\/\/i0.wp.com\/cdnoticias.com\/wp-content\/uploads\/2023\/01\/zayla-rap5-scaled.jpg?resize=768%2C427&amp;ssl=1 768w, https:\/\/i0.wp.com\/cdnoticias.com\/wp-content\/uploads\/2023\/01\/zayla-rap5-scaled.jpg?resize=1536%2C855&amp;ssl=1 1536w, https:\/\/i0.wp.com\/cdnoticias.com\/wp-content\/uploads\/2023\/01\/zayla-rap5-scaled.jpg?resize=2048%2C1140&amp;ssl=1 2048w, https:\/\/i0.wp.com\/cdnoticias.com\/wp-content\/uploads\/2023\/01\/zayla-rap5-scaled.jpg?resize=800%2C445&amp;ssl=1 800w, https:\/\/i0.wp.com\/cdnoticias.com\/wp-content\/uploads\/2023\/01\/zayla-rap5-scaled.jpg?w=1600&amp;ssl=1 1600w, https:\/\/i0.wp.com\/cdnoticias.com\/wp-content\/uploads\/2023\/01\/zayla-rap5-scaled.jpg?w=2400&amp;ssl=1 2400w\" sizes=\"auto, (max-width: 800px) 100vw, 800px\" \/><\/p>\n<p>&nbsp;<\/p>\n<p><em>&#8220;Este a\u00f1o estoy terminando el secundario y me quiero enfocar m\u00e1s en sacar temas. No tanto hacer una gira porque me condiciona mucho el tema del estudio. El a\u00f1o que viene me voy a vivir a Mar del Plata y despu\u00e9s ya pienso ir a grabar a Buenos Aires<\/em>&#8221; coment\u00f3 Zayla.<\/p>\n<p>&nbsp;<\/p>\n<p>Zayla sac\u00f3 un nuevo tema titulado<strong><em> &#8220;Duele&#8221;<\/em> <\/strong>este pasado lunes 23 y afirm\u00f3 que &#8220;<em><strong>en realidad el estilo de rap que hago no es como el \u00faltimo tema que es un poco m\u00e1s \u201csad\u201d. Al escribir me baso depende de las situaciones que paso o c\u00f3mo estoy yo sentimentalmente. La inspiraci\u00f3n viene de ah\u00ed&#8221;.<\/strong><\/em><\/p>\n<p>&nbsp;<\/p>\n<p><img data-recalc-dims=\"1\" loading=\"lazy\" decoding=\"async\" class=\"aligncenter wp-image-75573 size-full\" src=\"https:\/\/i0.wp.com\/cdnoticias.com\/wp-content\/uploads\/2023\/01\/WhatsApp-Image-2023-01-26-at-18.59.05-1.jpeg?resize=720%2C667&#038;ssl=1\" alt=\"\" width=\"720\" height=\"667\" srcset=\"https:\/\/i0.wp.com\/cdnoticias.com\/wp-content\/uploads\/2023\/01\/WhatsApp-Image-2023-01-26-at-18.59.05-1.jpeg?w=720&amp;ssl=1 720w, https:\/\/i0.wp.com\/cdnoticias.com\/wp-content\/uploads\/2023\/01\/WhatsApp-Image-2023-01-26-at-18.59.05-1.jpeg?resize=300%2C278&amp;ssl=1 300w\" sizes=\"auto, (max-width: 720px) 100vw, 720px\" \/><\/p>\n<p>&nbsp;<\/p>\n<p><strong><em>&#8220;Es lindo todo el proceso. Componer es un estado distinto al de dar un show. Estoy en dos &#8220;moods&#8221;<\/em> distintos. Disfruto m\u00e1s demostrando lo que hago arriba del escenario, intercambias energ\u00edas con las personas y no es tan privado como componer porque ya lo estas haciendo p\u00fablico y son otros los sentimientos<\/strong>&#8221; cerr\u00f3 Zayla.<\/p>\n<p>&nbsp;<\/p>\n<p>&nbsp;<\/p>\n<p>&nbsp;<\/p>\n<p>&nbsp;<\/p>\n<p>&nbsp;<\/p>\n<p>&nbsp;<\/p>\n<p>&nbsp;<\/p>\n<p>&nbsp;<\/p>\n","protected":false},"excerpt":{"rendered":"<p>Zayla vive en Olavarr\u00eda, rapea sus propios temas, y ya comenz\u00f3 a subirse a escenarios de distintas ciudades para mostrar<\/p>\n","protected":false},"author":6,"featured_media":75492,"comment_status":"closed","ping_status":"closed","sticky":false,"template":"","format":"standard","meta":{"_jetpack_memberships_contains_paid_content":false,"footnotes":""},"categories":[9,1],"tags":[],"class_list":["post-75566","post","type-post","status-publish","format-standard","has-post-thumbnail","hentry","category-cultura","category-portada"],"jetpack_featured_media_url":"https:\/\/i0.wp.com\/cdnoticias.com\/wp-content\/uploads\/2023\/01\/zayla-rap2-scaled.jpg?fit=2560%2C1424&ssl=1","jetpack_sharing_enabled":true,"_links":{"self":[{"href":"https:\/\/cdnoticias.com\/index.php\/wp-json\/wp\/v2\/posts\/75566","targetHints":{"allow":["GET"]}}],"collection":[{"href":"https:\/\/cdnoticias.com\/index.php\/wp-json\/wp\/v2\/posts"}],"about":[{"href":"https:\/\/cdnoticias.com\/index.php\/wp-json\/wp\/v2\/types\/post"}],"author":[{"embeddable":true,"href":"https:\/\/cdnoticias.com\/index.php\/wp-json\/wp\/v2\/users\/6"}],"replies":[{"embeddable":true,"href":"https:\/\/cdnoticias.com\/index.php\/wp-json\/wp\/v2\/comments?post=75566"}],"version-history":[{"count":0,"href":"https:\/\/cdnoticias.com\/index.php\/wp-json\/wp\/v2\/posts\/75566\/revisions"}],"wp:featuredmedia":[{"embeddable":true,"href":"https:\/\/cdnoticias.com\/index.php\/wp-json\/wp\/v2\/media\/75492"}],"wp:attachment":[{"href":"https:\/\/cdnoticias.com\/index.php\/wp-json\/wp\/v2\/media?parent=75566"}],"wp:term":[{"taxonomy":"category","embeddable":true,"href":"https:\/\/cdnoticias.com\/index.php\/wp-json\/wp\/v2\/categories?post=75566"},{"taxonomy":"post_tag","embeddable":true,"href":"https:\/\/cdnoticias.com\/index.php\/wp-json\/wp\/v2\/tags?post=75566"}],"curies":[{"name":"wp","href":"https:\/\/api.w.org\/{rel}","templated":true}]}}