{"id":75544,"date":"2023-01-26T14:58:48","date_gmt":"2023-01-26T17:58:48","guid":{"rendered":"https:\/\/www.centraldenoticias.com.ar\/?p=75544"},"modified":"2023-01-26T14:58:48","modified_gmt":"2023-01-26T17:58:48","slug":"el-municipio-compro-cascos-para-los-motopolicias","status":"publish","type":"post","link":"https:\/\/cdnoticias.com\/index.php\/2023\/01\/26\/el-municipio-compro-cascos-para-los-motopolicias\/","title":{"rendered":"El Municipio compr\u00f3 cascos para los motopolic\u00edas"},"content":{"rendered":"<p>Fueron entregados por el Subsecretario de Seguridad Mario Busto quien destac\u00f3 que \u201cel Municipio hace un enorme esfuerzo econ\u00f3mico para que la polic\u00eda de la provincia pueda realizar su trabajo\u201d.<\/p>\n<p><!--more--><\/p>\n<hr \/>\n<p>En los \u00faltimos d\u00edas, el <strong>subsecretario de Seguridad del Municipio Mario Busto mantuvo una reuni\u00f3n con el Comisario Mart\u00edn Cortes (jefe de la UPLL)<\/strong> y el Tte 1ero Juan L\u00f3pez, designado Coordinador de los Motopolicias.<\/p>\n<p>&nbsp;<\/p>\n<p>En el encuentro <strong>se entregaron cascos para los motopolic\u00edas<\/strong>, que fueron adquiridos por parte del Municipio a pedido del Jefe de la Polic\u00eda Local.<\/p>\n<p>&nbsp;<\/p>\n<p>Tras la entrega, Mario Busto dijo: \u201cseguimos<strong> trabajando de manera coordinada con las fuerzas de seguridad<\/strong> y colaborando con la polic\u00eda bonaerense para la prevenci\u00f3n del delito en Olavarr\u00eda\u201d.<\/p>\n<p>&nbsp;<\/p>\n<blockquote><p>\u201cComo dijo el intendente Galli hace unos d\u00edas, el Municipio hace un enorme esfuerzo econ\u00f3mico para que la polic\u00eda de la provincia de Buenos Aires pueda realizar su trabajo en el Partido\u201d, a\u00f1adi\u00f3 el Subsecretario de Seguridad.<\/p><\/blockquote>\n<p>&nbsp;<\/p>\n<p>En este sentido, el funcionario municipal agreg\u00f3: <strong>\u201cde la carga de combustible y la reparaci\u00f3n de los patrulleros se hace cargo el Gobierno Municipal, que destina recursos a la seguridad de los olavarrienses\u201d<\/strong>.<\/p>\n<p>&nbsp;<\/p>\n","protected":false},"excerpt":{"rendered":"<p>Fueron entregados por el Subsecretario de Seguridad Mario Busto quien destac\u00f3 que \u201cel Municipio hace un enorme esfuerzo econ\u00f3mico para<\/p>\n","protected":false},"author":4,"featured_media":75547,"comment_status":"closed","ping_status":"closed","sticky":false,"template":"","format":"standard","meta":{"_jetpack_memberships_contains_paid_content":false,"footnotes":""},"categories":[5,1],"tags":[],"class_list":["post-75544","post","type-post","status-publish","format-standard","has-post-thumbnail","hentry","category-informacion-general","category-portada"],"jetpack_featured_media_url":"https:\/\/i0.wp.com\/cdnoticias.com\/wp-content\/uploads\/2023\/01\/entrega-de-cascos-motopolicias.jpg?fit=800%2C445&ssl=1","jetpack_sharing_enabled":true,"_links":{"self":[{"href":"https:\/\/cdnoticias.com\/index.php\/wp-json\/wp\/v2\/posts\/75544","targetHints":{"allow":["GET"]}}],"collection":[{"href":"https:\/\/cdnoticias.com\/index.php\/wp-json\/wp\/v2\/posts"}],"about":[{"href":"https:\/\/cdnoticias.com\/index.php\/wp-json\/wp\/v2\/types\/post"}],"author":[{"embeddable":true,"href":"https:\/\/cdnoticias.com\/index.php\/wp-json\/wp\/v2\/users\/4"}],"replies":[{"embeddable":true,"href":"https:\/\/cdnoticias.com\/index.php\/wp-json\/wp\/v2\/comments?post=75544"}],"version-history":[{"count":0,"href":"https:\/\/cdnoticias.com\/index.php\/wp-json\/wp\/v2\/posts\/75544\/revisions"}],"wp:featuredmedia":[{"embeddable":true,"href":"https:\/\/cdnoticias.com\/index.php\/wp-json\/wp\/v2\/media\/75547"}],"wp:attachment":[{"href":"https:\/\/cdnoticias.com\/index.php\/wp-json\/wp\/v2\/media?parent=75544"}],"wp:term":[{"taxonomy":"category","embeddable":true,"href":"https:\/\/cdnoticias.com\/index.php\/wp-json\/wp\/v2\/categories?post=75544"},{"taxonomy":"post_tag","embeddable":true,"href":"https:\/\/cdnoticias.com\/index.php\/wp-json\/wp\/v2\/tags?post=75544"}],"curies":[{"name":"wp","href":"https:\/\/api.w.org\/{rel}","templated":true}]}}