{"id":75526,"date":"2023-01-26T19:56:34","date_gmt":"2023-01-26T22:56:34","guid":{"rendered":"https:\/\/www.centraldenoticias.com.ar\/?p=75526"},"modified":"2023-01-26T19:56:34","modified_gmt":"2023-01-26T22:56:34","slug":"la-provincia-destinara-10-500-millones-a-creditos-productivos-para-pymes","status":"publish","type":"post","link":"https:\/\/cdnoticias.com\/index.php\/2023\/01\/26\/la-provincia-destinara-10-500-millones-a-creditos-productivos-para-pymes\/","title":{"rendered":"La Provincia destinar\u00e1 $10.500 millones a cr\u00e9ditos productivos para pymes"},"content":{"rendered":"<p>Se trata de tres l\u00edneas de cr\u00e9ditos del Banco Provincia destinadas a financiar la realizaci\u00f3n de inversiones en pymes bonaerenses: \u201cProvincia en Marcha\u201d, \u201cCreAR Inversi\u00f3n Federal PyME\u201d y Provincia Microcr\u00e9ditos.<\/p>\n<p><!--more--><\/p>\n<hr \/>\n<p>El gobernador de la provincia de Buenos Aires, <strong>Axel Kicillof,<\/strong> anunci\u00f3 la puesta en marcha de <strong>cuatro l\u00edneas de financiamiento del Banco Provincia, destinadas a peque\u00f1as y medianas empresas.<\/strong><\/p>\n<p>&nbsp;<\/p>\n<p>Fue este mi\u00e9rcoles durante la conferencia de seguimiento de la temporada de verano que se realiz\u00f3 en Villa Gesell, junto al intendente local, Gustavo Barrera, la vicegobernadora Ver\u00f3nica Magario, el ministro de Producci\u00f3n, Ciencia e Innovaci\u00f3n Tecnol\u00f3gica, Augusto Costa, el secretario de Industria de la Naci\u00f3n, Juan Ignacio De Mendiguren, y el presidente del Banco Provincia, Juan Cuattromo.<\/p>\n<p>&nbsp;<\/p>\n<blockquote><p>\u201cHemos anunciado diferentes l\u00edneas de cr\u00e9ditos para pymes, para cooperativas y para peque\u00f1os emprendedores que significan que el Banco Provincia va a contar con $10.500 millones para destinarlos a cr\u00e9ditos productivos en toda la provincia. Es una pol\u00edtica clave para sostener y expandir la actividad productiva en la provincia de Buenos Aires\u201d, expres\u00f3 Kicillof.<\/p><\/blockquote>\n<p>&nbsp;<\/p>\n<p><img data-recalc-dims=\"1\" loading=\"lazy\" decoding=\"async\" class=\"size-full wp-image-75529 aligncenter\" src=\"https:\/\/i0.wp.com\/cdnoticias.com\/wp-content\/uploads\/2023\/01\/axel-kicillof-0.jpg?resize=800%2C445&#038;ssl=1\" alt=\"\" width=\"800\" height=\"445\" srcset=\"https:\/\/i0.wp.com\/cdnoticias.com\/wp-content\/uploads\/2023\/01\/axel-kicillof-0.jpg?w=800&amp;ssl=1 800w, https:\/\/i0.wp.com\/cdnoticias.com\/wp-content\/uploads\/2023\/01\/axel-kicillof-0.jpg?resize=300%2C167&amp;ssl=1 300w, https:\/\/i0.wp.com\/cdnoticias.com\/wp-content\/uploads\/2023\/01\/axel-kicillof-0.jpg?resize=768%2C427&amp;ssl=1 768w\" sizes=\"auto, (max-width: 800px) 100vw, 800px\" \/><\/p>\n<p>&nbsp;<\/p>\n<p>\u201cHoy estuvimos reunidos con representantes de pymes de la Provincia de diferentes rubros que lo que <strong>nos ped\u00edan era justamente acceso al cr\u00e9dito con tasas compatibles con las actividades productivas de las peque\u00f1as y medianas empresas<\/strong>, que no siempre son las mismas necesidades que tienen otro tipo de actividades\u201d, detall\u00f3 el Gobernador. \u201cEste anuncio nos permite contar con m\u00e1s herramientas para fortalecer a todos los sectores productivos\u201d, afirm\u00f3.<\/p>\n<p>&nbsp;<\/p>\n<p>Se trata de<strong> tres l\u00edneas de cr\u00e9ditos del Banco Provincia<\/strong> destinadas a financiar la realizaci\u00f3n de inversiones en pymes bonaerenses.<\/p>\n<p>&nbsp;<\/p>\n<p>La ampliaci\u00f3n de los cr\u00e9ditos<strong> \u201cProvincia en Marcha\u201d<\/strong> permitir\u00e1 otorgar pr\u00e9stamos de hasta $150 millones, con un plazo de devoluci\u00f3n de 60 meses y tasa bonificada de hasta 16 puntos porcentuales, de acuerdo al tama\u00f1o de la empresa.<\/p>\n<p>&nbsp;<\/p>\n<p>Adem\u00e1s, se puso en marcha la nueva l\u00ednea de cr\u00e9ditos<strong> \u201cCreAR Inversi\u00f3n Federal PyME\u201d<\/strong>, que otorgar\u00e1n hasta $100 millones a MiPyMEs industriales, agroindustriales y de servicios industriales que necesiten acceder a bienes de capital. Contar\u00e1 con tasas bonificadas por el FONDEP y el Ministerio de Producci\u00f3n bonaerense.<\/p>\n<p>&nbsp;<\/p>\n<p><img data-recalc-dims=\"1\" loading=\"lazy\" decoding=\"async\" class=\"size-full wp-image-75530 aligncenter\" src=\"https:\/\/i0.wp.com\/cdnoticias.com\/wp-content\/uploads\/2023\/01\/Axel-Kicillof-1.jpg?resize=800%2C445&#038;ssl=1\" alt=\"\" width=\"800\" height=\"445\" srcset=\"https:\/\/i0.wp.com\/cdnoticias.com\/wp-content\/uploads\/2023\/01\/Axel-Kicillof-1.jpg?w=800&amp;ssl=1 800w, https:\/\/i0.wp.com\/cdnoticias.com\/wp-content\/uploads\/2023\/01\/Axel-Kicillof-1.jpg?resize=300%2C167&amp;ssl=1 300w, https:\/\/i0.wp.com\/cdnoticias.com\/wp-content\/uploads\/2023\/01\/Axel-Kicillof-1.jpg?resize=768%2C427&amp;ssl=1 768w\" sizes=\"auto, (max-width: 800px) 100vw, 800px\" \/><\/p>\n<p>&nbsp;<\/p>\n<p>En conjunto con <strong>Provincia Microcr\u00e9ditos<\/strong>, se abri\u00f3 la segunda convocatoria de los Microcr\u00e9ditos Productivos, a los que tambi\u00e9n podr\u00e1n acceder empresas del sector turismo y comercio.<\/p>\n<p>&nbsp;<\/p>\n<p>Las tres l\u00edneas de financiamiento cuentan adem\u00e1s con el respaldo de garant\u00edas del FOGABA. El paquete de medidas se completa con una l\u00ednea de<strong> Provincia Leasing<\/strong> por 1.000 millones de pesos, con tasa subsidiada a trav\u00e9s de FONDEP.<\/p>\n<p>&nbsp;<\/p>\n<blockquote><p>\u201cEstas l\u00edneas que presentamos hoy y que cuentan con tasas subsidiadas por los ministerios de Producci\u00f3n de la Provincia y de la Naci\u00f3n son un ejemplo de la articulaci\u00f3n que hacemos con los diferentes niveles y organismos del Estado para potenciar el rol de Banco Provincia como agente del desarrollo a trav\u00e9s de diversas alternativas de financiamiento\u201d, expres\u00f3 Juan Cuattromo, titular de la banca p\u00fablica bonaerense. Y a\u00f1adi\u00f3: \u201cDurante 2022 otorgamos 722 mil millones de pesos en cr\u00e9ditos; el 85% de ese monto estuvo destinado a las empresas, con foco en las pymes. Esa orientaci\u00f3n del cr\u00e9dito surge de una decisi\u00f3n pol\u00edtica que baja directamente desde el gobernador Kicillof.\u201d<\/p><\/blockquote>\n<p>&nbsp;<\/p>\n","protected":false},"excerpt":{"rendered":"<p>Se trata de tres l\u00edneas de cr\u00e9ditos del Banco Provincia destinadas a financiar la realizaci\u00f3n de inversiones en pymes bonaerenses:<\/p>\n","protected":false},"author":4,"featured_media":75530,"comment_status":"closed","ping_status":"closed","sticky":false,"template":"","format":"standard","meta":{"_jetpack_memberships_contains_paid_content":false,"footnotes":""},"categories":[6,1],"tags":[],"class_list":["post-75526","post","type-post","status-publish","format-standard","has-post-thumbnail","hentry","category-nacionales","category-portada"],"jetpack_featured_media_url":"https:\/\/i0.wp.com\/cdnoticias.com\/wp-content\/uploads\/2023\/01\/Axel-Kicillof-1.jpg?fit=800%2C445&ssl=1","jetpack_sharing_enabled":true,"_links":{"self":[{"href":"https:\/\/cdnoticias.com\/index.php\/wp-json\/wp\/v2\/posts\/75526","targetHints":{"allow":["GET"]}}],"collection":[{"href":"https:\/\/cdnoticias.com\/index.php\/wp-json\/wp\/v2\/posts"}],"about":[{"href":"https:\/\/cdnoticias.com\/index.php\/wp-json\/wp\/v2\/types\/post"}],"author":[{"embeddable":true,"href":"https:\/\/cdnoticias.com\/index.php\/wp-json\/wp\/v2\/users\/4"}],"replies":[{"embeddable":true,"href":"https:\/\/cdnoticias.com\/index.php\/wp-json\/wp\/v2\/comments?post=75526"}],"version-history":[{"count":0,"href":"https:\/\/cdnoticias.com\/index.php\/wp-json\/wp\/v2\/posts\/75526\/revisions"}],"wp:featuredmedia":[{"embeddable":true,"href":"https:\/\/cdnoticias.com\/index.php\/wp-json\/wp\/v2\/media\/75530"}],"wp:attachment":[{"href":"https:\/\/cdnoticias.com\/index.php\/wp-json\/wp\/v2\/media?parent=75526"}],"wp:term":[{"taxonomy":"category","embeddable":true,"href":"https:\/\/cdnoticias.com\/index.php\/wp-json\/wp\/v2\/categories?post=75526"},{"taxonomy":"post_tag","embeddable":true,"href":"https:\/\/cdnoticias.com\/index.php\/wp-json\/wp\/v2\/tags?post=75526"}],"curies":[{"name":"wp","href":"https:\/\/api.w.org\/{rel}","templated":true}]}}