{"id":75511,"date":"2023-01-26T11:07:46","date_gmt":"2023-01-26T14:07:46","guid":{"rendered":"https:\/\/www.centraldenoticias.com.ar\/?p=75511"},"modified":"2023-01-26T11:07:46","modified_gmt":"2023-01-26T14:07:46","slug":"se-confirmo-que-habra-previaje-4","status":"publish","type":"post","link":"https:\/\/cdnoticias.com\/index.php\/2023\/01\/26\/se-confirmo-que-habra-previaje-4\/","title":{"rendered":"Se confirm\u00f3 que habr\u00e1 PreViaje 4"},"content":{"rendered":"<p>Lo adelant\u00f3 el ministro de Turismo y Deportes, Mat\u00edas Lammens, para mitad de a\u00f1o. Destac\u00f3 adem\u00e1s el \u00e9xito de la temporada de verano, sobre todo en localidades de la Costa Atl\u00e1ntica.<!--more--><\/p>\n<hr \/>\n<p>El ministro de Turismo y Deportes de la Naci\u00f3n, Mat\u00edas Lammens, anunci\u00f3 que en marzo se presentar\u00e1 una <strong>cuarta edici\u00f3n del programa de promoci\u00f3n tur\u00edstica PreViaje para ser utilizado \u201centre mayo y junio\u201d<\/strong>.<\/p>\n<p>&nbsp;<\/p>\n<p>Lammens adelant\u00f3 la puesta en marcha del programa en una conferencia de prensa que ofreci\u00f3 tras visitar el Hotel 4 del Complejo Tur\u00edstico de Chapadmalal.<\/p>\n<p>&nbsp;<\/p>\n<p>El ministro destac\u00f3 el<strong> \u00e9xito de la temporada de verano<\/strong>, tanto de la primera como de la segunda quincena de enero, \u201cdonde las previsiones que se cumplieron\u201d, al tiempo que expres\u00f3 que febrero tiene \u201cun muy buen nivel de reservas en toda la Costa Atl\u00e1ntica\u201d.<\/p>\n<p>&nbsp;<\/p>\n<blockquote><p>\u201cLlegaron ayer los informes de Villa Gesell, el partido de La Costa y de Pinamar que son muy buenos. De esta manera se consolida el turismo como una de las actividades m\u00e1s importantes del pa\u00eds\u201d, expres\u00f3, y a\u00f1adi\u00f3 que \u201ctener una temporada exitosa demuestra que la recuperaci\u00f3n del sector es vigorosa\u201d.<\/p><\/blockquote>\n<p>&nbsp;<\/p>\n<p>En ese marco, confirm\u00f3 que <strong>en marzo se presentar\u00e1 oficialmente el PreViaje 4<\/strong> \u201cque podr\u00e1 ser utilizado en los meses de mayo y junio, y al igual que las ediciones anteriores, <strong>ofrecer\u00eda devoluciones del 50% para sus beneficiarios<\/strong>, mientras que para los afiliados de PAMI ascender\u00eda a 70%\u201d.<\/p>\n<p>&nbsp;<\/p>\n<blockquote><p>\u201cEs un programa que lo usaron m\u00e1s de 6 millones de personas en toda la Argentina con m\u00e1s del 90% de aprobaci\u00f3n, por lo que es poco lo que hay que cambiar\u201d, se\u00f1al\u00f3.<\/p><\/blockquote>\n<p>&nbsp;<\/p>\n<p>El ministro apunt\u00f3 que<strong> \u201cen mayo tenemos un fin de semana de cuatro d\u00edas, en junio tambi\u00e9n<\/strong>, por eso los comerciantes deben prepararse porque creo que vamos rumbo a un 2023 sin temporada baja\u201d.<\/p>\n<p>&nbsp;<\/p>\n<p>Fuente: <em>Agencia DIB<\/em><\/p>\n<p>&nbsp;<\/p>\n","protected":false},"excerpt":{"rendered":"<p>Lo adelant\u00f3 el ministro de Turismo y Deportes, Mat\u00edas Lammens, para mitad de a\u00f1o. Destac\u00f3 adem\u00e1s el \u00e9xito de la<\/p>\n","protected":false},"author":4,"featured_media":75512,"comment_status":"closed","ping_status":"closed","sticky":false,"template":"","format":"standard","meta":{"_jetpack_memberships_contains_paid_content":false,"footnotes":""},"categories":[6,1],"tags":[],"class_list":["post-75511","post","type-post","status-publish","format-standard","has-post-thumbnail","hentry","category-nacionales","category-portada"],"jetpack_featured_media_url":"https:\/\/i0.wp.com\/cdnoticias.com\/wp-content\/uploads\/2023\/01\/DIB-Matias-Lammens-0.jpg?fit=800%2C445&ssl=1","jetpack_sharing_enabled":true,"_links":{"self":[{"href":"https:\/\/cdnoticias.com\/index.php\/wp-json\/wp\/v2\/posts\/75511","targetHints":{"allow":["GET"]}}],"collection":[{"href":"https:\/\/cdnoticias.com\/index.php\/wp-json\/wp\/v2\/posts"}],"about":[{"href":"https:\/\/cdnoticias.com\/index.php\/wp-json\/wp\/v2\/types\/post"}],"author":[{"embeddable":true,"href":"https:\/\/cdnoticias.com\/index.php\/wp-json\/wp\/v2\/users\/4"}],"replies":[{"embeddable":true,"href":"https:\/\/cdnoticias.com\/index.php\/wp-json\/wp\/v2\/comments?post=75511"}],"version-history":[{"count":0,"href":"https:\/\/cdnoticias.com\/index.php\/wp-json\/wp\/v2\/posts\/75511\/revisions"}],"wp:featuredmedia":[{"embeddable":true,"href":"https:\/\/cdnoticias.com\/index.php\/wp-json\/wp\/v2\/media\/75512"}],"wp:attachment":[{"href":"https:\/\/cdnoticias.com\/index.php\/wp-json\/wp\/v2\/media?parent=75511"}],"wp:term":[{"taxonomy":"category","embeddable":true,"href":"https:\/\/cdnoticias.com\/index.php\/wp-json\/wp\/v2\/categories?post=75511"},{"taxonomy":"post_tag","embeddable":true,"href":"https:\/\/cdnoticias.com\/index.php\/wp-json\/wp\/v2\/tags?post=75511"}],"curies":[{"name":"wp","href":"https:\/\/api.w.org\/{rel}","templated":true}]}}