{"id":75506,"date":"2023-01-25T20:26:02","date_gmt":"2023-01-25T23:26:02","guid":{"rendered":"https:\/\/www.centraldenoticias.com.ar\/?p=75506"},"modified":"2023-01-25T20:26:02","modified_gmt":"2023-01-25T23:26:02","slug":"un-giro-a-los-residuos-de-residentes-y-grandes-generadores","status":"publish","type":"post","link":"https:\/\/cdnoticias.com\/index.php\/2023\/01\/25\/un-giro-a-los-residuos-de-residentes-y-grandes-generadores\/","title":{"rendered":"Un GIRO a los residuos de residentes y grandes generadores"},"content":{"rendered":"<p>Un repaso por el trabajo del programa mediante encuestas y entrevistas para conocer la vinculaci\u00f3n con sus residuos y la metodolog\u00eda de trabajo para acompa\u00f1ar a los vecinos en la separaci\u00f3n de residuos. <!--more--><\/p>\n<hr \/>\n<p>GIRO fue, en un principio, un programa y una experiencia eminentemente dise\u00f1ada para usuarios residenciales. Analizamos, mediante encuestas y entrevistas en profundidad con olavarrienses de toda la ciudad, la forma en la que se vinculaban con sus residuos y la manera en que utilizaban el servicio y\/o sistema de recolecci\u00f3n.<\/p>\n<p>&nbsp;<\/p>\n<blockquote><p>En funci\u00f3n de esos aprendizajes y a partir de un gran trabajo en equipo redise\u00f1amos un calendario de recolecci\u00f3n diferenciada en tres corrientes (reciclables, compostables y basura) y comenzamos a <em>pilotar<\/em> diferentes experiencias para respaldar y acompa\u00f1ar la curva de aprendizaje y ser el sost\u00e9n en la adaptaci\u00f3n de nuevos h\u00e1bitos y comportamientos.<\/p><\/blockquote>\n<p>&nbsp;<\/p>\n<p>Cuando comenzamos a incorporar otras zonas al nuevo servicio -cada vez m\u00e1s c\u00e9ntricas y comerciales-, empezamos a trabajar con actores que <strong>ten\u00edan necesidades diferentes a la de los residentes<\/strong> y que no pod\u00edan ser satisfechas a partir del nuevo calendario de recolecci\u00f3n. Y no hablamos de los peque\u00f1os comercios entramados en las zonas residenciales, que si lograron adaptarse. Hablamos del trabajo que llevamos adelante con los edificios multivivienda de m\u00e1s de 30 unidades funcionales, con los locales gastron\u00f3micos, con las grandes superficies comerciales y asociaciones civiles como clubes, adem\u00e1s de otras instituciones como escuelas y barrios privados.<\/p>\n<p>&nbsp;<\/p>\n<p>Al entrar en contacto con estas nuevas tipolog\u00edas de usuarios, <strong>denominados grandes generadores<\/strong>, repensamos el servicio y los puntos de contacto para atender a sus necesidades espec\u00edficas. La metodolog\u00eda que seguimos fue id\u00e9ntica a la que utilizamos con los residentes: entrevistas en profundidad, reuniones grupales, visitas de reconocimiento de los espacios de trabajo y gesti\u00f3n de residuos. Profundizamos espec\u00edficamente en aquellos puntos de dolor que la separaci\u00f3n en tres corrientes pod\u00eda ocasionar en el futuro.<\/p>\n<p>&nbsp;<\/p>\n<p>Desarrollamos cursos y materiales de capacitaci\u00f3n para los trabajadores y responsables de la gesti\u00f3n de residuos, manuales de buenas pr\u00e1cticas y herramientas concretas de asistencia y soporte como gu\u00edas de separaci\u00f3n, imanes, stickers recordatorios y contenedores adecuados a cada rubro.<\/p>\n<p>&nbsp;<\/p>\n<blockquote><p>Este repensar del servicio y ponerlo a prueba nos trajo aprendizajes y experiencias enriquecedoras y gratificantes. Superaron nuestras expectativas y demostraron que <strong>todas las necesidades pueden ser satisfechas.<\/strong><\/p><\/blockquote>\n<p>&nbsp;<\/p>\n<p>De la prueba piloto para grandes generadores realizada en mayo de 2022 aprendimos que aquellos lugares que generan una gran cantidad de residuos compostables necesitan una ruta o rutas especificas para esta corriente. En nuestra ciudad, los org\u00e1nicos representan casi la mitad de los residuos s\u00f3lidos urbanos que se disponen en el relleno sanitario. Es importante que su separaci\u00f3n sea cuidada y limpia, para que pueda llegar en las mejores condiciones a la Planta de Compostaje.<\/p>\n<p>&nbsp;<\/p>\n<p>El dise\u00f1o, sabemos, result\u00f3 positivo para los usuarios que nos comunicaron que una vez adquirido el h\u00e1bito de la separaci\u00f3n en origen, continuar es muy f\u00e1cil y se vuelve pr\u00e1cticamente autom\u00e1tico. Incluso m\u00e1s, en las oportunidades que fuimos a visitarlos para seguir con el acompa\u00f1amiento, pudieron comentarnos, llenos de orgullo, que a partir de la capacitaci\u00f3n recibida desde el Programa GIRO, ellos mismos, se encargan a su vez de capacitar a su personal. As\u00ed es como lo viven <em>Antonio<\/em>, de la verduler\u00eda \u201cLos Mendocinos\u201d, <em>Camila<\/em>, de \u201cEstilo Campo\u201d y <em>Ram\u00f3n<\/em>, de \u201cCaf\u00e9 Vega\u201d.<\/p>\n<p>&nbsp;<\/p>\n<p>La forma de organizaci\u00f3n, en el caso de estos comercios es similar, realizan una primera separaci\u00f3n en recipientes medianos, para luego acopiar los materiales en contenedores m\u00e1s espaciosos y dejar todo preparado a la hora de tener que sacar los residuos. Algunos ya forman parte de alg\u00fan piloto y participan de la recolecci\u00f3n diferenciada y otros, optan por llevar sus materiales separados al Girom\u00f3vil.<\/p>\n<p>&nbsp;<\/p>\n<p>De la prueba piloto realizada en septiembre de 2022 en una escuela primaria de la ciudad comprendimos como trabajan los establecimientos educativos y reafirmamos la importancia del acompa\u00f1amiento. Adem\u00e1s, pudimos sortear un gran desaf\u00edo: pensar y dise\u00f1ar un modelo de gesti\u00f3n de residuos para una instituci\u00f3n con comedor. En este caso, centramos la soluci\u00f3n en el armado y puesta en funcionamiento de una compostera comunitaria. Que no solo funcion\u00f3 y funciona desde el d\u00eda de su inauguraci\u00f3n, sino que sirvi\u00f3 como un disparador para motivar a integrantes de la escuela, a compostar en sus hogares.<\/p>\n<p>&nbsp;<\/p>\n<p>Pensamos por y para todos: no habr\u00e1 vecino en la ciudad de Olavarr\u00eda que no cuente con el <strong>acompa\u00f1amiento<\/strong> para pasarse al sistema de recolecci\u00f3n diferenciada.<\/p>\n","protected":false},"excerpt":{"rendered":"<p>Un repaso por el trabajo del programa mediante encuestas y entrevistas para conocer la vinculaci\u00f3n con sus residuos y la<\/p>\n","protected":false},"author":2,"featured_media":75507,"comment_status":"closed","ping_status":"closed","sticky":false,"template":"","format":"standard","meta":{"_jetpack_memberships_contains_paid_content":false,"footnotes":""},"categories":[5,1],"tags":[],"class_list":["post-75506","post","type-post","status-publish","format-standard","has-post-thumbnail","hentry","category-informacion-general","category-portada"],"jetpack_featured_media_url":"https:\/\/i0.wp.com\/cdnoticias.com\/wp-content\/uploads\/2023\/01\/Giro-Jornada-1-web-72.jpg?fit=2048%2C1367&ssl=1","jetpack_sharing_enabled":true,"_links":{"self":[{"href":"https:\/\/cdnoticias.com\/index.php\/wp-json\/wp\/v2\/posts\/75506","targetHints":{"allow":["GET"]}}],"collection":[{"href":"https:\/\/cdnoticias.com\/index.php\/wp-json\/wp\/v2\/posts"}],"about":[{"href":"https:\/\/cdnoticias.com\/index.php\/wp-json\/wp\/v2\/types\/post"}],"author":[{"embeddable":true,"href":"https:\/\/cdnoticias.com\/index.php\/wp-json\/wp\/v2\/users\/2"}],"replies":[{"embeddable":true,"href":"https:\/\/cdnoticias.com\/index.php\/wp-json\/wp\/v2\/comments?post=75506"}],"version-history":[{"count":0,"href":"https:\/\/cdnoticias.com\/index.php\/wp-json\/wp\/v2\/posts\/75506\/revisions"}],"wp:featuredmedia":[{"embeddable":true,"href":"https:\/\/cdnoticias.com\/index.php\/wp-json\/wp\/v2\/media\/75507"}],"wp:attachment":[{"href":"https:\/\/cdnoticias.com\/index.php\/wp-json\/wp\/v2\/media?parent=75506"}],"wp:term":[{"taxonomy":"category","embeddable":true,"href":"https:\/\/cdnoticias.com\/index.php\/wp-json\/wp\/v2\/categories?post=75506"},{"taxonomy":"post_tag","embeddable":true,"href":"https:\/\/cdnoticias.com\/index.php\/wp-json\/wp\/v2\/tags?post=75506"}],"curies":[{"name":"wp","href":"https:\/\/api.w.org\/{rel}","templated":true}]}}