{"id":75481,"date":"2023-01-25T17:49:58","date_gmt":"2023-01-25T20:49:58","guid":{"rendered":"https:\/\/www.centraldenoticias.com.ar\/?p=75481"},"modified":"2023-01-25T20:14:14","modified_gmt":"2023-01-25T23:14:14","slug":"alquilo-una-quinta-y-el-dueno-disparo-un-arma-por-presuntos-ruidos-molestos","status":"publish","type":"post","link":"https:\/\/cdnoticias.com\/index.php\/2023\/01\/25\/alquilo-una-quinta-y-el-dueno-disparo-un-arma-por-presuntos-ruidos-molestos\/","title":{"rendered":"Alquil\u00f3 una quinta y el due\u00f1o dispar\u00f3 un arma por presuntos ruidos molestos"},"content":{"rendered":"<p>Una mujer y su familia realizaron la denuncia policial por el violento hecho. \u201cEn lugar de acercarse como una persona civilizada y pedir hablar con alguien, dispar\u00f3 un arma de fuego\u201d indic\u00f3. <!--more--><\/p>\n<hr \/>\n<p>D\u00edas atr\u00e1s,<strong> un violento hecho se registr\u00f3 en Islas Malvinas al 5400 cuando una familia que alquil\u00f3 una quinta estaba pasando el d\u00eda all\u00ed y por presuntos ruidos molestos, el due\u00f1o del lugar se quej\u00f3 disparando un arma de fuego.<\/strong> Tras ello, desalojaron el lugar y realizaron la denuncia en la <strong>Comisar\u00eda Primera.<\/strong><\/p>\n<p>&nbsp;<\/p>\n<p>El hecho se produjo el pasado viernes, cuando<strong> la familia acudi\u00f3 a la quinta ubicada en Malvinas al 5400 para celebrar un cumplea\u00f1os familiar<\/strong>, \u201ccon ni\u00f1os, embarazadas y gente mayor\u201d. <strong>La denunciante expres\u00f3 que \u201ccomo en cualquier reuni\u00f3n, pusimos m\u00fasica mientras est\u00e1bamos cenando\u201d.<\/strong><\/p>\n<p>&nbsp;<\/p>\n<p>All\u00ed, denunci\u00f3 que el due\u00f1o de la quinta comenz\u00f3 con \u201csilbidos y gritos\u201d desde la ventana para que bajaran el volumen.<\/p>\n<p>&nbsp;<\/p>\n<blockquote><p>\u201cEn lugar de acercarse como una persona civilizada y pedir hablar con alguien, se acerc\u00f3 al ligustro gritando que esa era su casa y dispar\u00f3 un arma de fuego hacia donde estaban dos menores de edad, que gracias a dios no est\u00e1n heridos\u201d.<\/p><\/blockquote>\n<p>&nbsp;<\/p>\n<p>Ante la gravedad de la situaci\u00f3n, llamaron a efectivos policiales y al lugar llegaron tres m\u00f3viles. <strong><em>\u201cLes golpearon la puerta y en lugar de salir a explicar la situaci\u00f3n, estos se\u00f1ores se encerraron en su casa\u201d<\/em> indic\u00f3 la vecina, conmocionada por la situaci\u00f3n.<\/strong><\/p>\n<p>&nbsp;<\/p>\n<p>Por el miedo de que se vuelva a repetir una situaci\u00f3n similar, <strong>finalmente desalojaron la quinta <em>\u201ccustodiados y nos dirigimos a realizar la denuncia correspondiente.<\/em><\/strong><em> Cuando buscamos sus datos para hacer la denuncia, nos encontramos con que est\u00e1 mujer se hab\u00eda cambiado de nombre y nos hab\u00eda bloqueado\u201d<\/em> de las redes sociales.<\/p>\n<p>&nbsp;<\/p>\n<p>Finalmente, reflexion\u00f3 sobre la situaci\u00f3n y admiti\u00f3 que fue <em>\u201cun horrible momento, un nene que fue a festejar su cumplea\u00f1os y termin\u00f3 en la Comisar\u00eda con una crisis de llanto. Espero que nunca nadie m\u00e1s les alquile nada. Este hombre es un violento y un peligro para todos\u201d<\/em> dese\u00f3 al cerrar su<strong> mensaje que r\u00e1pidamente se viraliz\u00f3 en redes sociales, con una denuncia que avanza en su curso en la Justicia<\/strong>, seg\u00fan logr\u00f3 saber Central de Noticias.<\/p>\n","protected":false},"excerpt":{"rendered":"<p>Una mujer y su familia realizaron la denuncia policial por el violento hecho. \u201cEn lugar de acercarse como una persona<\/p>\n","protected":false},"author":2,"featured_media":75482,"comment_status":"closed","ping_status":"closed","sticky":false,"template":"","format":"standard","meta":{"_jetpack_memberships_contains_paid_content":false,"footnotes":""},"categories":[14,1],"tags":[],"class_list":["post-75481","post","type-post","status-publish","format-standard","has-post-thumbnail","hentry","category-policiales","category-portada"],"jetpack_featured_media_url":"https:\/\/i0.wp.com\/cdnoticias.com\/wp-content\/uploads\/2023\/01\/quinta.jpg?fit=899%2C542&ssl=1","jetpack_sharing_enabled":true,"_links":{"self":[{"href":"https:\/\/cdnoticias.com\/index.php\/wp-json\/wp\/v2\/posts\/75481","targetHints":{"allow":["GET"]}}],"collection":[{"href":"https:\/\/cdnoticias.com\/index.php\/wp-json\/wp\/v2\/posts"}],"about":[{"href":"https:\/\/cdnoticias.com\/index.php\/wp-json\/wp\/v2\/types\/post"}],"author":[{"embeddable":true,"href":"https:\/\/cdnoticias.com\/index.php\/wp-json\/wp\/v2\/users\/2"}],"replies":[{"embeddable":true,"href":"https:\/\/cdnoticias.com\/index.php\/wp-json\/wp\/v2\/comments?post=75481"}],"version-history":[{"count":0,"href":"https:\/\/cdnoticias.com\/index.php\/wp-json\/wp\/v2\/posts\/75481\/revisions"}],"wp:featuredmedia":[{"embeddable":true,"href":"https:\/\/cdnoticias.com\/index.php\/wp-json\/wp\/v2\/media\/75482"}],"wp:attachment":[{"href":"https:\/\/cdnoticias.com\/index.php\/wp-json\/wp\/v2\/media?parent=75481"}],"wp:term":[{"taxonomy":"category","embeddable":true,"href":"https:\/\/cdnoticias.com\/index.php\/wp-json\/wp\/v2\/categories?post=75481"},{"taxonomy":"post_tag","embeddable":true,"href":"https:\/\/cdnoticias.com\/index.php\/wp-json\/wp\/v2\/tags?post=75481"}],"curies":[{"name":"wp","href":"https:\/\/api.w.org\/{rel}","templated":true}]}}