{"id":75474,"date":"2023-01-25T16:09:02","date_gmt":"2023-01-25T19:09:02","guid":{"rendered":"https:\/\/www.centraldenoticias.com.ar\/?p=75474"},"modified":"2023-01-25T16:09:02","modified_gmt":"2023-01-25T19:09:02","slug":"suba-de-tasas-cambio-en-el-valor-de-servicios-urbanos-para-los-baldios","status":"publish","type":"post","link":"https:\/\/cdnoticias.com\/index.php\/2023\/01\/25\/suba-de-tasas-cambio-en-el-valor-de-servicios-urbanos-para-los-baldios\/","title":{"rendered":"Suba de tasas: cambio en el valor de Servicios Urbanos para los bald\u00edos"},"content":{"rendered":"<p>Se trata de un error en el decreto inicial que fue modificado. Los propietarios de esos inmuebles deben pagar 4.843 pesos.<!--more--><\/p>\n<hr \/>\n<p>La semana pasada se conoci\u00f3 el decreto del Ejecutivo que estableci\u00f3 la <strong>suba de tasas<\/strong> <a href=\"https:\/\/cdnoticias.com\/index.php\/2023\/01\/16\/confirmaron-la-suba-de-tasas-municipales-en-un-43\/\" target=\"_blank\" rel=\"noopener\">en el orden de 43%<\/a>. Pero<strong> hubo un error en la normativa<\/strong> y se emiti\u00f3 un nuevo decreto con un cambio.<\/p>\n<p>&nbsp;<\/p>\n<blockquote><p>Afecta al valor de la Tasa de Servicios Urbanos para la categor\u00eda de bald\u00edos (Categor\u00eda I). Los propietarios de esos inmuebles pasan a pagar 4.843 pesos mensuales.<\/p><\/blockquote>\n<p>&nbsp;<\/p>\n<p>El<strong> decreto 120\/23 fue emitido el 16 de enero<\/strong> para modificar el <a href=\"https:\/\/cdnoticias.com\/index.php\/2023\/01\/17\/tasa-por-tasa-cuanto-se-paga-tras-el-aumento\/\" target=\"_blank\" rel=\"noopener\">decreto 107\/23 dictado el d\u00eda 13 de enero<\/a>. En la nueva normativa se explica que<em> \u201cse ha incurrido en un error involuntario (\u2026) al consignar el valor de la Categor\u00eda I en $ 4.483, cuando debi\u00f3 consignarse $ 4.843\u201d<\/em>.<\/p>\n<p>&nbsp;<\/p>\n","protected":false},"excerpt":{"rendered":"<p>Se trata de un error en el decreto inicial que fue modificado. Los propietarios de esos inmuebles deben pagar 4.843<\/p>\n","protected":false},"author":4,"featured_media":4345,"comment_status":"closed","ping_status":"closed","sticky":false,"template":"","format":"standard","meta":{"_jetpack_memberships_contains_paid_content":false,"footnotes":""},"categories":[5,1],"tags":[],"class_list":["post-75474","post","type-post","status-publish","format-standard","has-post-thumbnail","hentry","category-informacion-general","category-portada"],"jetpack_featured_media_url":"https:\/\/i0.wp.com\/cdnoticias.com\/wp-content\/uploads\/2020\/10\/Fachada-Municipalidad-1-1024x682.jpg?fit=1024%2C682&ssl=1","jetpack_sharing_enabled":true,"_links":{"self":[{"href":"https:\/\/cdnoticias.com\/index.php\/wp-json\/wp\/v2\/posts\/75474","targetHints":{"allow":["GET"]}}],"collection":[{"href":"https:\/\/cdnoticias.com\/index.php\/wp-json\/wp\/v2\/posts"}],"about":[{"href":"https:\/\/cdnoticias.com\/index.php\/wp-json\/wp\/v2\/types\/post"}],"author":[{"embeddable":true,"href":"https:\/\/cdnoticias.com\/index.php\/wp-json\/wp\/v2\/users\/4"}],"replies":[{"embeddable":true,"href":"https:\/\/cdnoticias.com\/index.php\/wp-json\/wp\/v2\/comments?post=75474"}],"version-history":[{"count":0,"href":"https:\/\/cdnoticias.com\/index.php\/wp-json\/wp\/v2\/posts\/75474\/revisions"}],"wp:featuredmedia":[{"embeddable":true,"href":"https:\/\/cdnoticias.com\/index.php\/wp-json\/wp\/v2\/media\/4345"}],"wp:attachment":[{"href":"https:\/\/cdnoticias.com\/index.php\/wp-json\/wp\/v2\/media?parent=75474"}],"wp:term":[{"taxonomy":"category","embeddable":true,"href":"https:\/\/cdnoticias.com\/index.php\/wp-json\/wp\/v2\/categories?post=75474"},{"taxonomy":"post_tag","embeddable":true,"href":"https:\/\/cdnoticias.com\/index.php\/wp-json\/wp\/v2\/tags?post=75474"}],"curies":[{"name":"wp","href":"https:\/\/api.w.org\/{rel}","templated":true}]}}