{"id":75464,"date":"2023-01-25T17:01:26","date_gmt":"2023-01-25T20:01:26","guid":{"rendered":"https:\/\/www.centraldenoticias.com.ar\/?p=75464"},"modified":"2023-01-25T17:50:09","modified_gmt":"2023-01-25T20:50:09","slug":"casi-1800-estudiantes-participaron-de-una-nueva-edicion-de-escuelas-abiertas-de-verano","status":"publish","type":"post","link":"https:\/\/cdnoticias.com\/index.php\/2023\/01\/25\/casi-1800-estudiantes-participaron-de-una-nueva-edicion-de-escuelas-abiertas-de-verano\/","title":{"rendered":"Casi 1800 estudiantes participaron de una nueva edici\u00f3n de Escuelas Abiertas de Verano"},"content":{"rendered":"<p>En el cierre del programa provincial se destacaron las actividades realizadas en cada una de las sedes.<!--more--><\/p>\n<hr \/>\n<p>En Olavarr\u00eda <strong>1.797 estudiantes ni\u00f1as, ni\u00f1os y adolescentes en edad escolar (desde los 3 a\u00f1os cumplidos)<\/strong> disfrutar\u00e1n hasta el 27 de enero de una nueva edici\u00f3n del programa \u201cEscuelas Abiertas en Verano\u201d, que lleva a cabo la Direcci\u00f3n General de Cultura y Educaci\u00f3n bonaerense por decisi\u00f3n del gobernador Axel Kicillof.<\/p>\n<p>&nbsp;<\/p>\n<p>El programa cuenta con actividades en <strong>24 sedes, 2 en contexto de Encierro, 10 predios complementarios<\/strong> en el que trabajan 139 docentes y 57 suplentes auxiliares.<\/p>\n<p>&nbsp;<\/p>\n<p>Del cierre participaron el Jefe Distrital de Educaci\u00f3n Julio Ben\u00edtez, los Consejeros Escolares Leonardo Wagner, Ariel Rodr\u00edguez y Mariana Mart\u00ednez, Romina Altafini Jefa Regional, Alejandra Arauz Inspectora de Educaci\u00f3n F\u00edsica, Marta Casanella Inspectora Nivel primario, Jonatan Palacios Coordinador Distrital de las Escuelas Abiertas de Verano y autoridades municipales.<\/p>\n<p>&nbsp;<\/p>\n<p><img data-recalc-dims=\"1\" loading=\"lazy\" decoding=\"async\" class=\"aligncenter size-full wp-image-75468\" src=\"https:\/\/i0.wp.com\/cdnoticias.com\/wp-content\/uploads\/2023\/01\/escuelas-abiertas-de-verano-02.jpg?resize=800%2C445&#038;ssl=1\" alt=\"\" width=\"800\" height=\"445\" srcset=\"https:\/\/i0.wp.com\/cdnoticias.com\/wp-content\/uploads\/2023\/01\/escuelas-abiertas-de-verano-02.jpg?w=1280&amp;ssl=1 1280w, https:\/\/i0.wp.com\/cdnoticias.com\/wp-content\/uploads\/2023\/01\/escuelas-abiertas-de-verano-02.jpg?resize=300%2C167&amp;ssl=1 300w, https:\/\/i0.wp.com\/cdnoticias.com\/wp-content\/uploads\/2023\/01\/escuelas-abiertas-de-verano-02.jpg?resize=1024%2C570&amp;ssl=1 1024w, https:\/\/i0.wp.com\/cdnoticias.com\/wp-content\/uploads\/2023\/01\/escuelas-abiertas-de-verano-02.jpg?resize=768%2C427&amp;ssl=1 768w, https:\/\/i0.wp.com\/cdnoticias.com\/wp-content\/uploads\/2023\/01\/escuelas-abiertas-de-verano-02.jpg?resize=800%2C445&amp;ssl=1 800w\" sizes=\"auto, (max-width: 800px) 100vw, 800px\" \/><\/p>\n<p>&nbsp;<\/p>\n<p><strong>Leonardo Wagner, Consejero Escolar y responsable del Servicio Alimentario Escolar<\/strong> indic\u00f3: \u201cCerramos un mes excelente, de mucho disfrute por parte de los y las estudiantes que asisten y desde nuestro lugar presentes trabajando para que todo salga a la perfecci\u00f3n, en mi caso en particular <strong>garantizando el desayuno y la merienda desde el SAE<\/strong>. Es un gran trabajo el que se hace desde la provincia y quiero destacar la dedicaci\u00f3n de todas las personas a cargo del programa\u201d.<\/p>\n<p>&nbsp;<\/p>\n<blockquote><p>Las actividades, que este a\u00f1o vuelven a su modalidad habitual previa a la pandemia, se desarrollan en 1.880 sedes de los 135 distritos bonaerenses que coordinan con 433 predios para la realizaci\u00f3n de las pr\u00e1cticas complementarias.<\/p><\/blockquote>\n<p>&nbsp;<\/p>\n<p>Estas iniciativas <strong>promueven la inclusi\u00f3n social, la concientizaci\u00f3n sobre la problem\u00e1tica ambiental, la integraci\u00f3n y el desarrollo de diferentes pr\u00e1cticas ludomotrices, recreativas, acu\u00e1ticas, deportivas y art\u00edsticas.<\/strong><\/p>\n<p>&nbsp;<\/p>\n<p>Diego Robbiani, por su parte, celebr\u00f3 <strong><em>\u201cque se pudo trabajar en equipo entre Educaci\u00f3n de Provincia y Municipio, para lograr tener otra temporada de verano. Es una continuidad de muchos a\u00f1os, de una pol\u00edtica p\u00fablica sostenida que permite que los chicos puedan disfrutar en iguales condiciones del verano y aprender, sobre todo\u201d.<\/em><\/strong><\/p>\n<p>&nbsp;<\/p>\n<blockquote><p>\u201cHay un esfuerzo grande del equipo, desde la Municipalidad hemos hecho una gran inversi\u00f3n: m\u00e1s de 12 millones de pesos entre transporte y pago de sueldos, conseguir guardavidas, sostener los insumos de los espacios. Es un laburo gigantesco de un equipo que se pone al hombro el verano, sin bander\u00edas pol\u00edticas\u201d,\u00a0remarc\u00f3.<\/p><\/blockquote>\n<p>&nbsp;<\/p>\n<p>Por \u00faltimo sostuvo que\u00a0<em>\u201clo central de este programa es que los chicos vengan a disfrutar del verano, pero hay un gran equipo atr\u00e1s con muchos meses de trabajo. Tenemos que celebrar que los chicos est\u00e9n presentes en todo el Partido de Olavarr\u00eda y que aprendan y tengan un espacio para disfrutar el verano\u201d.<\/em><\/p>\n<p>&nbsp;<\/p>\n<p>Las propuestas se desarrollan de lunes a viernes, en jornadas de 4 horas diarias en turno ma\u00f1ana o turno tarde\/vespertino. Cabe destacar que \u201cEscuelas Abiertas en Verano\u201d, que se implementa a partir de la articulaci\u00f3n con el Ministerio de Salud, el Ministerio de Desarrollo de la Comunidad y el Instituto Cultural, garantiza la continuidad del Servicio Alimentario Escolar (SAE).<\/p>\n<p>&nbsp;<\/p>\n<p><img data-recalc-dims=\"1\" loading=\"lazy\" decoding=\"async\" class=\"aligncenter size-full wp-image-75467\" src=\"https:\/\/i0.wp.com\/cdnoticias.com\/wp-content\/uploads\/2023\/01\/escuelas-abiertas-de-verano-01.jpg?resize=800%2C445&#038;ssl=1\" alt=\"\" width=\"800\" height=\"445\" srcset=\"https:\/\/i0.wp.com\/cdnoticias.com\/wp-content\/uploads\/2023\/01\/escuelas-abiertas-de-verano-01.jpg?w=1280&amp;ssl=1 1280w, https:\/\/i0.wp.com\/cdnoticias.com\/wp-content\/uploads\/2023\/01\/escuelas-abiertas-de-verano-01.jpg?resize=300%2C167&amp;ssl=1 300w, https:\/\/i0.wp.com\/cdnoticias.com\/wp-content\/uploads\/2023\/01\/escuelas-abiertas-de-verano-01.jpg?resize=1024%2C570&amp;ssl=1 1024w, https:\/\/i0.wp.com\/cdnoticias.com\/wp-content\/uploads\/2023\/01\/escuelas-abiertas-de-verano-01.jpg?resize=768%2C427&amp;ssl=1 768w, https:\/\/i0.wp.com\/cdnoticias.com\/wp-content\/uploads\/2023\/01\/escuelas-abiertas-de-verano-01.jpg?resize=800%2C445&amp;ssl=1 800w\" sizes=\"auto, (max-width: 800px) 100vw, 800px\" \/><\/p>\n<p>&nbsp;<\/p>\n<p>El Programa <strong>incluye a estudiantes de la modalidad de Educaci\u00f3n Especial, y de nivel primario y secundario<\/strong> que <strong>se encuentran privadas y privados de su libertad ambulatoria<\/strong> en los Centros Cerrados de Detenci\u00f3n, Centros de Recepci\u00f3n y Centros de Contenci\u00f3n y en los establecimientos penitenciarios bonaerenses y federales donde funcionan instituciones educativas de la cartera educativa bonaerense.<\/p>\n<p>&nbsp;<\/p>\n<p>Adem\u00e1s, del total de sedes, <strong>100 corresponden a Contexto de Encierro.<\/strong><\/p>\n<p>&nbsp;<\/p>\n<p>Con acciones como canotaje, nataci\u00f3n y tirolesa, entre otras, las y los participantes del Programa dieron comienzo a un mes de inclusi\u00f3n, diversi\u00f3n y aprendizaje durante el verano en espacios para la realizaci\u00f3n de actividades deportivas, acu\u00e1ticas y culturales.<\/p>\n<p>&nbsp;<\/p>\n<p>La iniciativa es una oportunidad para <strong>generar v\u00ednculos a trav\u00e9s del encuentro y en un contexto diferente a otros momentos del a\u00f1o<\/strong>, favoreciendo espacios educativos de convivencia democr\u00e1tica, esparcimiento y disfrute de sus participantes como as\u00ed tambi\u00e9n el trabajo en equipo y la cooperaci\u00f3n.<\/p>\n","protected":false},"excerpt":{"rendered":"<p>En el cierre del programa provincial se destacaron las actividades realizadas en cada una de las sedes.<\/p>\n","protected":false},"author":5,"featured_media":75466,"comment_status":"closed","ping_status":"closed","sticky":false,"template":"","format":"standard","meta":{"_jetpack_memberships_contains_paid_content":false,"footnotes":""},"categories":[5,1],"tags":[],"class_list":["post-75464","post","type-post","status-publish","format-standard","has-post-thumbnail","hentry","category-informacion-general","category-portada"],"jetpack_featured_media_url":"https:\/\/i0.wp.com\/cdnoticias.com\/wp-content\/uploads\/2023\/01\/escuelas-abiertas-de-verano-00.jpg?fit=1280%2C712&ssl=1","jetpack_sharing_enabled":true,"_links":{"self":[{"href":"https:\/\/cdnoticias.com\/index.php\/wp-json\/wp\/v2\/posts\/75464","targetHints":{"allow":["GET"]}}],"collection":[{"href":"https:\/\/cdnoticias.com\/index.php\/wp-json\/wp\/v2\/posts"}],"about":[{"href":"https:\/\/cdnoticias.com\/index.php\/wp-json\/wp\/v2\/types\/post"}],"author":[{"embeddable":true,"href":"https:\/\/cdnoticias.com\/index.php\/wp-json\/wp\/v2\/users\/5"}],"replies":[{"embeddable":true,"href":"https:\/\/cdnoticias.com\/index.php\/wp-json\/wp\/v2\/comments?post=75464"}],"version-history":[{"count":0,"href":"https:\/\/cdnoticias.com\/index.php\/wp-json\/wp\/v2\/posts\/75464\/revisions"}],"wp:featuredmedia":[{"embeddable":true,"href":"https:\/\/cdnoticias.com\/index.php\/wp-json\/wp\/v2\/media\/75466"}],"wp:attachment":[{"href":"https:\/\/cdnoticias.com\/index.php\/wp-json\/wp\/v2\/media?parent=75464"}],"wp:term":[{"taxonomy":"category","embeddable":true,"href":"https:\/\/cdnoticias.com\/index.php\/wp-json\/wp\/v2\/categories?post=75464"},{"taxonomy":"post_tag","embeddable":true,"href":"https:\/\/cdnoticias.com\/index.php\/wp-json\/wp\/v2\/tags?post=75464"}],"curies":[{"name":"wp","href":"https:\/\/api.w.org\/{rel}","templated":true}]}}