{"id":75453,"date":"2023-01-25T14:20:03","date_gmt":"2023-01-25T17:20:03","guid":{"rendered":"https:\/\/www.centraldenoticias.com.ar\/?p=75453"},"modified":"2023-01-25T14:20:03","modified_gmt":"2023-01-25T17:20:03","slug":"el-ciclo-de-cine-de-insurgente-cumple-un-ano-y-lo-con-celebra-la-50a-funcion","status":"publish","type":"post","link":"https:\/\/cdnoticias.com\/index.php\/2023\/01\/25\/el-ciclo-de-cine-de-insurgente-cumple-un-ano-y-lo-con-celebra-la-50a-funcion\/","title":{"rendered":"El ciclo de cine de Insurgente cumple un a\u00f1o y lo con celebra la 50\u00aa funci\u00f3n"},"content":{"rendered":"<p>Ser\u00e1 este jueves a las 21 horas. Se proyectar\u00e1 la pel\u00edcula &#8220;Soft &amp; Quiet&#8221; (2022). Juan Fleitas se sumar\u00e1 con un Vinyl Set. La entrada es libre y habr\u00e1 servicio de cantina.<!--more--><\/p>\n<hr \/>\n<p><strong>En el marco de la funci\u00f3n 50 y del primer aniversario<\/strong> del ciclo de cine del espacio cultural<strong> Insurgente<\/strong>, este jueves 26 de enero, a las 21 horas se proyectar\u00e1 <strong>&#8220;Soft &amp; Quiet&#8221;<\/strong> del 2022. Luego del film y de un debate grupal, el m\u00fasico local Juan Fleitas realizar\u00e1 una presentaci\u00f3n en vivo con Vinyl Set.<\/p>\n<p>&nbsp;<\/p>\n<p>&#8220;Soft &amp; Quiet&#8221; es una de esas &#8220;joyas&#8221; ocultas que nos dej\u00f3 el 2022. <strong>\u00d3pera prima de Beth de Ara\u00fajo<\/strong>. Un intenso film en tiempo real realizado en plano secuencia. Una pel\u00edcula que podr\u00eda entrar dentro de los g\u00e9neros thriller, terror social y suspenso, pero sin comprometerse con ninguno. Una pel\u00edcula h\u00edbrida.<\/p>\n<p>&nbsp;<\/p>\n<p>En pantalla Ara\u00fajo muestra una reuni\u00f3n de un grupo de mujeres con intereses afines. Las horas en el relato ir\u00e1n pasando y suceder\u00e1n eventos perturbadores que sin dudas movilizar\u00e1n a los espectadores.<\/p>\n<p>&nbsp;<\/p>\n<p>Luego de la proyecci\u00f3n, tal como est\u00e1 pensada la din\u00e1mica, se realizar\u00e1 una charla debate grupal de an\u00e1lisis. <strong>La actividad ser\u00e1 en Belgrano 3345 este jueves<\/strong>. No se suspende por lluvia.<\/p>\n<p>&nbsp;<\/p>\n<p>Es con entrada libre. Los participantes podr\u00e1n realizar una colaboraci\u00f3n voluntaria. Habr\u00e1 servicio de cantina.<\/p>\n<p>&nbsp;<\/p>\n","protected":false},"excerpt":{"rendered":"<p>Ser\u00e1 este jueves a las 21 horas. Se proyectar\u00e1 la pel\u00edcula &#8220;Soft &amp; Quiet&#8221; (2022). Juan Fleitas se sumar\u00e1 con<\/p>\n","protected":false},"author":4,"featured_media":75454,"comment_status":"closed","ping_status":"closed","sticky":false,"template":"","format":"standard","meta":{"_jetpack_memberships_contains_paid_content":false,"footnotes":""},"categories":[9,1],"tags":[],"class_list":["post-75453","post","type-post","status-publish","format-standard","has-post-thumbnail","hentry","category-cultura","category-portada"],"jetpack_featured_media_url":"https:\/\/i0.wp.com\/cdnoticias.com\/wp-content\/uploads\/2023\/01\/cine-insurgente-soft.jpg?fit=800%2C445&ssl=1","jetpack_sharing_enabled":true,"_links":{"self":[{"href":"https:\/\/cdnoticias.com\/index.php\/wp-json\/wp\/v2\/posts\/75453","targetHints":{"allow":["GET"]}}],"collection":[{"href":"https:\/\/cdnoticias.com\/index.php\/wp-json\/wp\/v2\/posts"}],"about":[{"href":"https:\/\/cdnoticias.com\/index.php\/wp-json\/wp\/v2\/types\/post"}],"author":[{"embeddable":true,"href":"https:\/\/cdnoticias.com\/index.php\/wp-json\/wp\/v2\/users\/4"}],"replies":[{"embeddable":true,"href":"https:\/\/cdnoticias.com\/index.php\/wp-json\/wp\/v2\/comments?post=75453"}],"version-history":[{"count":0,"href":"https:\/\/cdnoticias.com\/index.php\/wp-json\/wp\/v2\/posts\/75453\/revisions"}],"wp:featuredmedia":[{"embeddable":true,"href":"https:\/\/cdnoticias.com\/index.php\/wp-json\/wp\/v2\/media\/75454"}],"wp:attachment":[{"href":"https:\/\/cdnoticias.com\/index.php\/wp-json\/wp\/v2\/media?parent=75453"}],"wp:term":[{"taxonomy":"category","embeddable":true,"href":"https:\/\/cdnoticias.com\/index.php\/wp-json\/wp\/v2\/categories?post=75453"},{"taxonomy":"post_tag","embeddable":true,"href":"https:\/\/cdnoticias.com\/index.php\/wp-json\/wp\/v2\/tags?post=75453"}],"curies":[{"name":"wp","href":"https:\/\/api.w.org\/{rel}","templated":true}]}}